{"id":5675,"date":"2021-11-19T12:41:44","date_gmt":"2021-11-19T11:41:44","guid":{"rendered":"https:\/\/www.barakabike.es\/?p=5675"},"modified":"2022-01-14T18:59:35","modified_gmt":"2022-01-14T17:59:35","slug":"unete-a-la-gran-familia-barakabike","status":"publish","type":"post","link":"https:\/\/www.barakabike.es\/eu\/2021\/11\/unete-a-la-gran-familia-barakabike\/","title":{"rendered":"Bat egin BARAKABIKEko lehiaketa taldearekin"},"content":{"rendered":"<p>Hezkuntzan, eskola ondoren institutura pasatzen gara, eta txirrindularitzan, eskolen ondoren, LASTERKETAK etortzen dira.<br \/>\n<!--more--><br \/>\nTxirrindularitza banakako kirola da, eta garaipena lortzeko, taldekideek ez ezik, helburu horren alde lan egiten duen talde osoak ere sakrifizio handiak egiten ditu.<\/p>\n<p>15-16 urte badituzu, BARAKABIKEn dugun LEHIAKETA proiektuarekin bat egin dezakezu. KADETE talde bat daukagu, eta apuntatzen bazara, taldean entrenatu ahal izango duzu.<\/p>\n<p>Entrenatzeko metodologiarik eta ariketarik egokienak erakutsiko dizkizugu, aukeratzen duzun lehiaketa-modalitatearen eskakizunetan oinarrituta. Kirol zuzendaritzatik urteak daramatzagu hainbat diziplinatan lasterkariak prestatzen, hala nola errepidean, mountain bikean edo ziklo-krosean. Gainera, klubaren barruan kirol hau gozatzeko tresna guztiak ditugu.<\/p>\n<p>Ez izan zalantzarik, batu zaitez familia handi honekin, BARAKABIKE familia.<\/p>\n<p><a href=\"https:\/\/www.barakabike.es\/wp-content\/uploads\/2022\/01\/POLLITO-TEAM-EU.png\"><img loading=\"lazy\" decoding=\"async\" class=\"aligncenter wp-image-5778 size-large\" src=\"https:\/\/www.barakabike.es\/wp-content\/uploads\/2022\/01\/POLLITO-TEAM-EU-654x1024.png\" alt=\"\" width=\"640\" height=\"1002\" srcset=\"https:\/\/www.barakabike.es\/wp-content\/uploads\/2022\/01\/POLLITO-TEAM-EU-654x1024.png 654w, https:\/\/www.barakabike.es\/wp-content\/uploads\/2022\/01\/POLLITO-TEAM-EU-192x300.png 192w, https:\/\/www.barakabike.es\/wp-content\/uploads\/2022\/01\/POLLITO-TEAM-EU-768x1202.png 768w, https:\/\/www.barakabike.es\/wp-content\/uploads\/2022\/01\/POLLITO-TEAM-EU-981x1536.png 981w, https:\/\/www.barakabike.es\/wp-content\/uploads\/2022\/01\/POLLITO-TEAM-EU.png 1200w\" sizes=\"auto, (max-width: 640px) 100vw, 640px\" \/><\/a><\/p>\n<!-- AddThis Advanced Settings generic via filter on the_content --><!-- AddThis Share Buttons generic via filter on the_content -->","protected":false},"excerpt":{"rendered":"<p>Sentitzen dugu, baina sarrera hau %LANG-z:, : eta % bakarrik dago.<!-- AddThis Advanced Settings generic via filter on get_the_excerpt --><!-- AddThis Share Buttons generic via filter on get_the_excerpt --><\/p>\n","protected":false},"author":3,"featured_media":5777,"comment_status":"closed","ping_status":"open","sticky":false,"template":"","format":"standard","meta":{"footnotes":""},"categories":[14,6],"tags":[35,20,37,24,38,36,12],"class_list":["post-5675","post","type-post","status-publish","format-standard","has-post-thumbnail","hentry","category-bike-eskola","category-competiciones","tag-barakabike","tag-barakaldo","tag-cadete","tag-cerveceria-pollito","tag-ciclismo","tag-competicion","tag-equipo"],"yoast_head":"<!-- This site is optimized with the Yoast SEO plugin v27.3 - https:\/\/yoast.com\/product\/yoast-seo-wordpress\/ -->\n<title>Bat egin BARAKABIKEko lehiaketa taldearekin -<\/title>\n<meta name=\"description\" content=\"Si tienes 15-16 a\u00f1os puedes unirte al proyecto de COMPETICI\u00d3N que tenemos en BARAKABIKE. Disponemos de un equipo CADETE al que te podr\u00e1s incorporar y con el que podr\u00e1s salir a entrenar en grupo.\" \/>\n<meta name=\"robots\" content=\"index, follow, max-snippet:-1, max-image-preview:large, max-video-preview:-1\" \/>\n<link rel=\"canonical\" href=\"https:\/\/www.barakabike.es\/2021\/11\/unete-a-la-gran-familia-barakabike\/\" \/>\n<meta property=\"og:locale\" content=\"en_US\" \/>\n<meta property=\"og:type\" content=\"article\" \/>\n<meta property=\"og:title\" content=\"Bat egin BARAKABIKEko lehiaketa taldearekin -\" \/>\n<meta property=\"og:description\" content=\"Si tienes 15-16 a\u00f1os puedes unirte al proyecto de COMPETICI\u00d3N que tenemos en BARAKABIKE. Disponemos de un equipo CADETE al que te podr\u00e1s incorporar y con el que podr\u00e1s salir a entrenar en grupo.\" \/>\n<meta property=\"og:url\" content=\"https:\/\/www.barakabike.es\/2021\/11\/unete-a-la-gran-familia-barakabike\/\" \/>\n<meta property=\"article:published_time\" content=\"2021-11-19T11:41:44+00:00\" \/>\n<meta property=\"article:modified_time\" content=\"2022-01-14T17:59:35+00:00\" \/>\n<meta property=\"og:image\" content=\"https:\/\/www.barakabike.es\/wp-content\/uploads\/2022\/01\/POLLITO-TEAM-ES.png\" \/>\n\t<meta property=\"og:image:width\" content=\"1200\" \/>\n\t<meta property=\"og:image:height\" content=\"1878\" \/>\n\t<meta property=\"og:image:type\" content=\"image\/png\" \/>\n<meta name=\"author\" content=\"Aitor\" \/>\n<meta name=\"twitter:card\" content=\"summary_large_image\" \/>\n<meta name=\"twitter:label1\" content=\"Written by\" \/>\n\t<meta name=\"twitter:data1\" content=\"Aitor\" \/>\n\t<meta name=\"twitter:label2\" content=\"Est. reading time\" \/>\n\t<meta name=\"twitter:data2\" content=\"1 minutua\" \/>\n<script type=\"application\/ld+json\" class=\"yoast-schema-graph\">{\"@context\":\"https:\\\/\\\/schema.org\",\"@graph\":[{\"@type\":\"Article\",\"@id\":\"https:\\\/\\\/www.barakabike.es\\\/2021\\\/11\\\/unete-a-la-gran-familia-barakabike\\\/#article\",\"isPartOf\":{\"@id\":\"https:\\\/\\\/www.barakabike.es\\\/2021\\\/11\\\/unete-a-la-gran-familia-barakabike\\\/\"},\"author\":{\"name\":\"Aitor\",\"@id\":\"https:\\\/\\\/www.barakabike.es\\\/#\\\/schema\\\/person\\\/c812038dac0660d2cc143c3472beeb34\"},\"headline\":\"Bat egin BARAKABIKEko lehiaketa taldearekin\",\"datePublished\":\"2021-11-19T11:41:44+00:00\",\"dateModified\":\"2022-01-14T17:59:35+00:00\",\"mainEntityOfPage\":{\"@id\":\"https:\\\/\\\/www.barakabike.es\\\/2021\\\/11\\\/unete-a-la-gran-familia-barakabike\\\/\"},\"wordCount\":296,\"image\":{\"@id\":\"https:\\\/\\\/www.barakabike.es\\\/2021\\\/11\\\/unete-a-la-gran-familia-barakabike\\\/#primaryimage\"},\"thumbnailUrl\":\"https:\\\/\\\/www.barakabike.es\\\/wp-content\\\/uploads\\\/2022\\\/01\\\/POLLITO-TEAM-ES.png\",\"keywords\":[\"Barakabike\",\"Barakaldo\",\"cadete\",\"Cervecer\u00eda Pollito\",\"ciclismo\",\"COMPETICI\u00d3N\",\"equipo\"],\"articleSection\":[\"Bike Eskola\",\"competiciones\"],\"inLanguage\":\"eu\"},{\"@type\":\"WebPage\",\"@id\":\"https:\\\/\\\/www.barakabike.es\\\/2021\\\/11\\\/unete-a-la-gran-familia-barakabike\\\/\",\"url\":\"https:\\\/\\\/www.barakabike.es\\\/2021\\\/11\\\/unete-a-la-gran-familia-barakabike\\\/\",\"name\":\"[:es]\u00danete al equipo de competici\u00f3n de BARAKABIKE[:eu]Bat egin BARAKABIKEko lehiaketa taldearekin[:] -\",\"isPartOf\":{\"@id\":\"https:\\\/\\\/www.barakabike.es\\\/#website\"},\"primaryImageOfPage\":{\"@id\":\"https:\\\/\\\/www.barakabike.es\\\/2021\\\/11\\\/unete-a-la-gran-familia-barakabike\\\/#primaryimage\"},\"image\":{\"@id\":\"https:\\\/\\\/www.barakabike.es\\\/2021\\\/11\\\/unete-a-la-gran-familia-barakabike\\\/#primaryimage\"},\"thumbnailUrl\":\"https:\\\/\\\/www.barakabike.es\\\/wp-content\\\/uploads\\\/2022\\\/01\\\/POLLITO-TEAM-ES.png\",\"datePublished\":\"2021-11-19T11:41:44+00:00\",\"dateModified\":\"2022-01-14T17:59:35+00:00\",\"author\":{\"@id\":\"https:\\\/\\\/www.barakabike.es\\\/#\\\/schema\\\/person\\\/c812038dac0660d2cc143c3472beeb34\"},\"description\":\"Si tienes 15-16 a\u00f1os puedes unirte al proyecto de COMPETICI\u00d3N que tenemos en BARAKABIKE. Disponemos de un equipo CADETE al que te podr\u00e1s incorporar y con el que podr\u00e1s salir a entrenar en grupo.\",\"breadcrumb\":{\"@id\":\"https:\\\/\\\/www.barakabike.es\\\/2021\\\/11\\\/unete-a-la-gran-familia-barakabike\\\/#breadcrumb\"},\"inLanguage\":\"eu\",\"potentialAction\":[{\"@type\":\"ReadAction\",\"target\":[\"https:\\\/\\\/www.barakabike.es\\\/2021\\\/11\\\/unete-a-la-gran-familia-barakabike\\\/\"]}]},{\"@type\":\"ImageObject\",\"inLanguage\":\"eu\",\"@id\":\"https:\\\/\\\/www.barakabike.es\\\/2021\\\/11\\\/unete-a-la-gran-familia-barakabike\\\/#primaryimage\",\"url\":\"https:\\\/\\\/www.barakabike.es\\\/wp-content\\\/uploads\\\/2022\\\/01\\\/POLLITO-TEAM-ES.png\",\"contentUrl\":\"https:\\\/\\\/www.barakabike.es\\\/wp-content\\\/uploads\\\/2022\\\/01\\\/POLLITO-TEAM-ES.png\",\"width\":1200,\"height\":1878},{\"@type\":\"BreadcrumbList\",\"@id\":\"https:\\\/\\\/www.barakabike.es\\\/2021\\\/11\\\/unete-a-la-gran-familia-barakabike\\\/#breadcrumb\",\"itemListElement\":[{\"@type\":\"ListItem\",\"position\":1,\"name\":\"Portada\",\"item\":\"https:\\\/\\\/www.barakabike.es\\\/\"},{\"@type\":\"ListItem\",\"position\":2,\"name\":\"\u00danete al equipo de competici\u00f3n de BARAKABIKE\"}]},{\"@type\":\"WebSite\",\"@id\":\"https:\\\/\\\/www.barakabike.es\\\/#website\",\"url\":\"https:\\\/\\\/www.barakabike.es\\\/\",\"name\":\"\",\"description\":\"\",\"potentialAction\":[{\"@type\":\"SearchAction\",\"target\":{\"@type\":\"EntryPoint\",\"urlTemplate\":\"https:\\\/\\\/www.barakabike.es\\\/?s={search_term_string}\"},\"query-input\":{\"@type\":\"PropertyValueSpecification\",\"valueRequired\":true,\"valueName\":\"search_term_string\"}}],\"inLanguage\":\"eu\"},{\"@type\":\"Person\",\"@id\":\"https:\\\/\\\/www.barakabike.es\\\/#\\\/schema\\\/person\\\/c812038dac0660d2cc143c3472beeb34\",\"name\":\"Aitor\",\"image\":{\"@type\":\"ImageObject\",\"inLanguage\":\"eu\",\"@id\":\"https:\\\/\\\/secure.gravatar.com\\\/avatar\\\/146fd983c2e48a4c3786109ac23783159428bc8aca6ae9731b738e9b98a26952?s=96&d=mm&r=g\",\"url\":\"https:\\\/\\\/secure.gravatar.com\\\/avatar\\\/146fd983c2e48a4c3786109ac23783159428bc8aca6ae9731b738e9b98a26952?s=96&d=mm&r=g\",\"contentUrl\":\"https:\\\/\\\/secure.gravatar.com\\\/avatar\\\/146fd983c2e48a4c3786109ac23783159428bc8aca6ae9731b738e9b98a26952?s=96&d=mm&r=g\",\"caption\":\"Aitor\"},\"url\":\"https:\\\/\\\/www.barakabike.es\\\/eu\\\/author\\\/elamigoato\\\/\"}]}<\/script>\n<!-- \/ Yoast SEO plugin. -->","yoast_head_json":{"title":"[:es]\u00danete al equipo de competici\u00f3n de BARAKABIKE[:eu]Bat egin BARAKABIKEko lehiaketa taldearekin[:] -","description":"Si tienes 15-16 a\u00f1os puedes unirte al proyecto de COMPETICI\u00d3N que tenemos en BARAKABIKE. Disponemos de un equipo CADETE al que te podr\u00e1s incorporar y con el que podr\u00e1s salir a entrenar en grupo.","robots":{"index":"index","follow":"follow","max-snippet":"max-snippet:-1","max-image-preview":"max-image-preview:large","max-video-preview":"max-video-preview:-1"},"canonical":"https:\/\/www.barakabike.es\/2021\/11\/unete-a-la-gran-familia-barakabike\/","og_locale":"en_US","og_type":"article","og_title":"Bat egin BARAKABIKEko lehiaketa taldearekin -","og_description":"Si tienes 15-16 a\u00f1os puedes unirte al proyecto de COMPETICI\u00d3N que tenemos en BARAKABIKE. Disponemos de un equipo CADETE al que te podr\u00e1s incorporar y con el que podr\u00e1s salir a entrenar en grupo.","og_url":"https:\/\/www.barakabike.es\/2021\/11\/unete-a-la-gran-familia-barakabike\/","article_published_time":"2021-11-19T11:41:44+00:00","article_modified_time":"2022-01-14T17:59:35+00:00","og_image":[{"width":1200,"height":1878,"url":"https:\/\/www.barakabike.es\/wp-content\/uploads\/2022\/01\/POLLITO-TEAM-ES.png","type":"image\/png"}],"author":"Aitor","twitter_card":"summary_large_image","twitter_misc":{"Written by":"Aitor","Est. reading time":"1 minutua"},"schema":{"@context":"https:\/\/schema.org","@graph":[{"@type":"Article","@id":"https:\/\/www.barakabike.es\/2021\/11\/unete-a-la-gran-familia-barakabike\/#article","isPartOf":{"@id":"https:\/\/www.barakabike.es\/2021\/11\/unete-a-la-gran-familia-barakabike\/"},"author":{"name":"Aitor","@id":"https:\/\/www.barakabike.es\/#\/schema\/person\/c812038dac0660d2cc143c3472beeb34"},"headline":"Bat egin BARAKABIKEko lehiaketa taldearekin","datePublished":"2021-11-19T11:41:44+00:00","dateModified":"2022-01-14T17:59:35+00:00","mainEntityOfPage":{"@id":"https:\/\/www.barakabike.es\/2021\/11\/unete-a-la-gran-familia-barakabike\/"},"wordCount":296,"image":{"@id":"https:\/\/www.barakabike.es\/2021\/11\/unete-a-la-gran-familia-barakabike\/#primaryimage"},"thumbnailUrl":"https:\/\/www.barakabike.es\/wp-content\/uploads\/2022\/01\/POLLITO-TEAM-ES.png","keywords":["Barakabike","Barakaldo","cadete","Cervecer\u00eda Pollito","ciclismo","COMPETICI\u00d3N","equipo"],"articleSection":["Bike Eskola","competiciones"],"inLanguage":"eu"},{"@type":"WebPage","@id":"https:\/\/www.barakabike.es\/2021\/11\/unete-a-la-gran-familia-barakabike\/","url":"https:\/\/www.barakabike.es\/2021\/11\/unete-a-la-gran-familia-barakabike\/","name":"[:es]\u00danete al equipo de competici\u00f3n de BARAKABIKE[:eu]Bat egin BARAKABIKEko lehiaketa taldearekin[:] -","isPartOf":{"@id":"https:\/\/www.barakabike.es\/#website"},"primaryImageOfPage":{"@id":"https:\/\/www.barakabike.es\/2021\/11\/unete-a-la-gran-familia-barakabike\/#primaryimage"},"image":{"@id":"https:\/\/www.barakabike.es\/2021\/11\/unete-a-la-gran-familia-barakabike\/#primaryimage"},"thumbnailUrl":"https:\/\/www.barakabike.es\/wp-content\/uploads\/2022\/01\/POLLITO-TEAM-ES.png","datePublished":"2021-11-19T11:41:44+00:00","dateModified":"2022-01-14T17:59:35+00:00","author":{"@id":"https:\/\/www.barakabike.es\/#\/schema\/person\/c812038dac0660d2cc143c3472beeb34"},"description":"Si tienes 15-16 a\u00f1os puedes unirte al proyecto de COMPETICI\u00d3N que tenemos en BARAKABIKE. Disponemos de un equipo CADETE al que te podr\u00e1s incorporar y con el que podr\u00e1s salir a entrenar en grupo.","breadcrumb":{"@id":"https:\/\/www.barakabike.es\/2021\/11\/unete-a-la-gran-familia-barakabike\/#breadcrumb"},"inLanguage":"eu","potentialAction":[{"@type":"ReadAction","target":["https:\/\/www.barakabike.es\/2021\/11\/unete-a-la-gran-familia-barakabike\/"]}]},{"@type":"ImageObject","inLanguage":"eu","@id":"https:\/\/www.barakabike.es\/2021\/11\/unete-a-la-gran-familia-barakabike\/#primaryimage","url":"https:\/\/www.barakabike.es\/wp-content\/uploads\/2022\/01\/POLLITO-TEAM-ES.png","contentUrl":"https:\/\/www.barakabike.es\/wp-content\/uploads\/2022\/01\/POLLITO-TEAM-ES.png","width":1200,"height":1878},{"@type":"BreadcrumbList","@id":"https:\/\/www.barakabike.es\/2021\/11\/unete-a-la-gran-familia-barakabike\/#breadcrumb","itemListElement":[{"@type":"ListItem","position":1,"name":"Portada","item":"https:\/\/www.barakabike.es\/"},{"@type":"ListItem","position":2,"name":"\u00danete al equipo de competici\u00f3n de BARAKABIKE"}]},{"@type":"WebSite","@id":"https:\/\/www.barakabike.es\/#website","url":"https:\/\/www.barakabike.es\/","name":"","description":"","potentialAction":[{"@type":"SearchAction","target":{"@type":"EntryPoint","urlTemplate":"https:\/\/www.barakabike.es\/?s={search_term_string}"},"query-input":{"@type":"PropertyValueSpecification","valueRequired":true,"valueName":"search_term_string"}}],"inLanguage":"eu"},{"@type":"Person","@id":"https:\/\/www.barakabike.es\/#\/schema\/person\/c812038dac0660d2cc143c3472beeb34","name":"Aitor","image":{"@type":"ImageObject","inLanguage":"eu","@id":"https:\/\/secure.gravatar.com\/avatar\/146fd983c2e48a4c3786109ac23783159428bc8aca6ae9731b738e9b98a26952?s=96&d=mm&r=g","url":"https:\/\/secure.gravatar.com\/avatar\/146fd983c2e48a4c3786109ac23783159428bc8aca6ae9731b738e9b98a26952?s=96&d=mm&r=g","contentUrl":"https:\/\/secure.gravatar.com\/avatar\/146fd983c2e48a4c3786109ac23783159428bc8aca6ae9731b738e9b98a26952?s=96&d=mm&r=g","caption":"Aitor"},"url":"https:\/\/www.barakabike.es\/eu\/author\/elamigoato\/"}]}},"_links":{"self":[{"href":"https:\/\/www.barakabike.es\/eu\/wp-json\/wp\/v2\/posts\/5675","targetHints":{"allow":["GET"]}}],"collection":[{"href":"https:\/\/www.barakabike.es\/eu\/wp-json\/wp\/v2\/posts"}],"about":[{"href":"https:\/\/www.barakabike.es\/eu\/wp-json\/wp\/v2\/types\/post"}],"author":[{"embeddable":true,"href":"https:\/\/www.barakabike.es\/eu\/wp-json\/wp\/v2\/users\/3"}],"replies":[{"embeddable":true,"href":"https:\/\/www.barakabike.es\/eu\/wp-json\/wp\/v2\/comments?post=5675"}],"version-history":[{"count":0,"href":"https:\/\/www.barakabike.es\/eu\/wp-json\/wp\/v2\/posts\/5675\/revisions"}],"wp:featuredmedia":[{"embeddable":true,"href":"https:\/\/www.barakabike.es\/eu\/wp-json\/wp\/v2\/media\/5777"}],"wp:attachment":[{"href":"https:\/\/www.barakabike.es\/eu\/wp-json\/wp\/v2\/media?parent=5675"}],"wp:term":[{"taxonomy":"category","embeddable":true,"href":"https:\/\/www.barakabike.es\/eu\/wp-json\/wp\/v2\/categories?post=5675"},{"taxonomy":"post_tag","embeddable":true,"href":"https:\/\/www.barakabike.es\/eu\/wp-json\/wp\/v2\/tags?post=5675"}],"curies":[{"name":"wp","href":"https:\/\/api.w.org\/{rel}","templated":true}]}}