{"id":531,"date":"2017-12-18T11:30:09","date_gmt":"2017-12-18T10:30:09","guid":{"rendered":"https:\/\/www.barakabike.es\/?p=531"},"modified":"2017-12-18T11:31:25","modified_gmt":"2017-12-18T10:31:25","slug":"karla-kortazar-baskonia-baraka-bike-premiada-por-su-trayectoria-deportiva","status":"publish","type":"post","link":"https:\/\/www.barakabike.es\/eu\/2017\/12\/karla-kortazar-baskonia-baraka-bike-premiada-por-su-trayectoria-deportiva\/","title":{"rendered":"Karla Kortazar (Baskonia &#8211; Baraka Bike) premiada por su trayectoria deportiva"},"content":{"rendered":"<p>El pasado d\u00eda 15 de diciembre se celebr\u00f3 en el sal\u00f3n de actos del Polideportivo de Lasesarre la Gala del Deporte organizada por el Ayuntamiento de Barakaldo y el IMD-UKE.<\/p>\n<p>En este acto se premi\u00f3 a diferentes clubes, deportistas y directivos de clubes de Barakaldo, entre los que estaba, <strong>Karla Kortazar<\/strong>, integrante del equipo<strong> Baskonia-Baraka Bike<\/strong>, que fue galardonada por <strong>su trayectoria deportiva<\/strong>.<\/p>\n<p><strong>\u00a1Enhorabuena Karla!<\/strong><\/p>\n<p><img loading=\"lazy\" decoding=\"async\" class=\"size-medium wp-image-532 aligncenter\" src=\"https:\/\/www.barakabike.es\/wp-content\/uploads\/2017\/12\/WhatsApp-Image-2017-12-15-at-20.49.17-300x300.jpeg\" alt=\"\" width=\"300\" height=\"300\" srcset=\"https:\/\/www.barakabike.es\/wp-content\/uploads\/2017\/12\/WhatsApp-Image-2017-12-15-at-20.49.17-300x300.jpeg 300w, https:\/\/www.barakabike.es\/wp-content\/uploads\/2017\/12\/WhatsApp-Image-2017-12-15-at-20.49.17-150x150.jpeg 150w, https:\/\/www.barakabike.es\/wp-content\/uploads\/2017\/12\/WhatsApp-Image-2017-12-15-at-20.49.17-768x768.jpeg 768w, https:\/\/www.barakabike.es\/wp-content\/uploads\/2017\/12\/WhatsApp-Image-2017-12-15-at-20.49.17-1024x1024.jpeg 1024w, https:\/\/www.barakabike.es\/wp-content\/uploads\/2017\/12\/WhatsApp-Image-2017-12-15-at-20.49.17.jpeg 1600w\" sizes=\"auto, (max-width: 300px) 100vw, 300px\" \/><\/p>\n<p><!--more--><\/p>\n<p>Los premios fueron entregados, entre otros, por los concejales Gorka Zubiaurre, Nerea Cantero y la alcaldesa Amaia del Campo.<\/p>\n<p>Los premiados fueron:<\/p>\n<ul>\n<li>Aitor Alonso, Pauldarrak<\/li>\n<li>Jos\u00e9 Mar\u00eda Arriaga, Club Alpino<\/li>\n<li>Eva Berenguer, Body Fitness<\/li>\n<li><strong>Karla Kortazar, Club Ciclista Baraka Bike<\/strong><\/li>\n<li>Felic\u00edsimo Crego, Club de Calva Centro Salmantino<\/li>\n<li>Joseba Gonz\u00e1lez, Club de Bolos San Vicente<\/li>\n<li>Javier Gutierrez Cabello, Club Triathlon Barakaldo<\/li>\n<li>Jos\u00e9 Mar\u00eda L\u00f3pez Chandro,Club Balonmano Barakaldo<\/li>\n<li>Ohiane Manrique, Balonmano Zuazo<\/li>\n<li>Aitor Ubieta, Club Arqueros Larburu<\/li>\n<li>Barakaldo AD Petanca<\/li>\n<li>Equipo femenino Club de Lucha Munoa<\/li>\n<li>Club de F\u00fatbol Zuazo<\/li>\n<li>Club de F\u00fatbol Barakaldo<\/li>\n<\/ul>\n<p><img loading=\"lazy\" decoding=\"async\" class=\"size-medium wp-image-533 aligncenter\" src=\"https:\/\/www.barakabike.es\/wp-content\/uploads\/2017\/12\/WhatsApp-Image-2017-12-16-at-07.36.28-300x169.jpeg\" alt=\"\" width=\"300\" height=\"169\" srcset=\"https:\/\/www.barakabike.es\/wp-content\/uploads\/2017\/12\/WhatsApp-Image-2017-12-16-at-07.36.28-300x169.jpeg 300w, https:\/\/www.barakabike.es\/wp-content\/uploads\/2017\/12\/WhatsApp-Image-2017-12-16-at-07.36.28-768x432.jpeg 768w, https:\/\/www.barakabike.es\/wp-content\/uploads\/2017\/12\/WhatsApp-Image-2017-12-16-at-07.36.28-1024x577.jpeg 1024w, https:\/\/www.barakabike.es\/wp-content\/uploads\/2017\/12\/WhatsApp-Image-2017-12-16-at-07.36.28-400x225.jpeg 400w, https:\/\/www.barakabike.es\/wp-content\/uploads\/2017\/12\/WhatsApp-Image-2017-12-16-at-07.36.28.jpeg 1600w\" sizes=\"auto, (max-width: 300px) 100vw, 300px\" \/><\/p>\n<!-- AddThis Advanced Settings generic via filter on the_content --><!-- AddThis Share Buttons generic via filter on the_content -->","protected":false},"excerpt":{"rendered":"<p>El pasado d\u00eda 15 de diciembre se celebr\u00f3 en el sal\u00f3n de actos del Polideportivo de Lasesarre la Gala del Deporte organizada por el Ayuntamiento de Barakaldo y el IMD-UKE. En este acto se premi\u00f3 a diferentes clubes, deportistas y directivos de clubes de Barakaldo, entre los que estaba, Karla Kortazar, integrante del equipo Baskonia-Baraka&hellip;<!-- AddThis Advanced Settings generic via filter on get_the_excerpt --><!-- AddThis Share Buttons generic via filter on get_the_excerpt --><\/p>\n","protected":false},"author":2,"featured_media":532,"comment_status":"closed","ping_status":"open","sticky":false,"template":"","format":"standard","meta":{"footnotes":""},"categories":[13],"tags":[],"class_list":["post-531","post","type-post","status-publish","format-standard","has-post-thumbnail","hentry","category-general"],"yoast_head":"<!-- This site is optimized with the Yoast SEO plugin v27.3 - https:\/\/yoast.com\/product\/yoast-seo-wordpress\/ -->\n<title>Karla Kortazar (Baskonia - Baraka Bike) premiada por su trayectoria deportiva -<\/title>\n<meta name=\"robots\" content=\"index, follow, max-snippet:-1, max-image-preview:large, max-video-preview:-1\" \/>\n<link rel=\"canonical\" href=\"https:\/\/www.barakabike.es\/2017\/12\/karla-kortazar-baskonia-baraka-bike-premiada-por-su-trayectoria-deportiva\/\" \/>\n<meta property=\"og:locale\" content=\"en_US\" \/>\n<meta property=\"og:type\" content=\"article\" \/>\n<meta property=\"og:title\" content=\"Karla Kortazar (Baskonia - Baraka Bike) premiada por su trayectoria deportiva -\" \/>\n<meta property=\"og:description\" content=\"El pasado d\u00eda 15 de diciembre se celebr\u00f3 en el sal\u00f3n de actos del Polideportivo de Lasesarre la Gala del Deporte organizada por el Ayuntamiento de Barakaldo y el IMD-UKE. En este acto se premi\u00f3 a diferentes clubes, deportistas y directivos de clubes de Barakaldo, entre los que estaba, Karla Kortazar, integrante del equipo Baskonia-Baraka&hellip;\" \/>\n<meta property=\"og:url\" content=\"https:\/\/www.barakabike.es\/2017\/12\/karla-kortazar-baskonia-baraka-bike-premiada-por-su-trayectoria-deportiva\/\" \/>\n<meta property=\"article:published_time\" content=\"2017-12-18T10:30:09+00:00\" \/>\n<meta property=\"article:modified_time\" content=\"2017-12-18T10:31:25+00:00\" \/>\n<meta property=\"og:image\" content=\"https:\/\/www.barakabike.es\/wp-content\/uploads\/2017\/12\/WhatsApp-Image-2017-12-15-at-20.49.17.jpeg\" \/>\n\t<meta property=\"og:image:width\" content=\"1600\" \/>\n\t<meta property=\"og:image:height\" content=\"1600\" \/>\n\t<meta property=\"og:image:type\" content=\"image\/jpeg\" \/>\n<meta name=\"author\" content=\"C.C. Baraka Bike\" \/>\n<meta name=\"twitter:card\" content=\"summary_large_image\" \/>\n<meta name=\"twitter:label1\" content=\"Written by\" \/>\n\t<meta name=\"twitter:data1\" content=\"C.C. Baraka Bike\" \/>\n\t<meta name=\"twitter:label2\" content=\"Est. reading time\" \/>\n\t<meta name=\"twitter:data2\" content=\"1 minutua\" \/>\n<script type=\"application\/ld+json\" class=\"yoast-schema-graph\">{\"@context\":\"https:\\\/\\\/schema.org\",\"@graph\":[{\"@type\":\"Article\",\"@id\":\"https:\\\/\\\/www.barakabike.es\\\/2017\\\/12\\\/karla-kortazar-baskonia-baraka-bike-premiada-por-su-trayectoria-deportiva\\\/#article\",\"isPartOf\":{\"@id\":\"https:\\\/\\\/www.barakabike.es\\\/2017\\\/12\\\/karla-kortazar-baskonia-baraka-bike-premiada-por-su-trayectoria-deportiva\\\/\"},\"author\":{\"name\":\"C.C. Baraka Bike\",\"@id\":\"https:\\\/\\\/www.barakabike.es\\\/#\\\/schema\\\/person\\\/514fe57c05a024b80e70800f7830d411\"},\"headline\":\"Karla Kortazar (Baskonia &#8211; Baraka Bike) premiada por su trayectoria deportiva\",\"datePublished\":\"2017-12-18T10:30:09+00:00\",\"dateModified\":\"2017-12-18T10:31:25+00:00\",\"mainEntityOfPage\":{\"@id\":\"https:\\\/\\\/www.barakabike.es\\\/2017\\\/12\\\/karla-kortazar-baskonia-baraka-bike-premiada-por-su-trayectoria-deportiva\\\/\"},\"wordCount\":177,\"image\":{\"@id\":\"https:\\\/\\\/www.barakabike.es\\\/2017\\\/12\\\/karla-kortazar-baskonia-baraka-bike-premiada-por-su-trayectoria-deportiva\\\/#primaryimage\"},\"thumbnailUrl\":\"https:\\\/\\\/www.barakabike.es\\\/wp-content\\\/uploads\\\/2017\\\/12\\\/WhatsApp-Image-2017-12-15-at-20.49.17.jpeg\",\"articleSection\":[\"general\"],\"inLanguage\":\"eu\"},{\"@type\":\"WebPage\",\"@id\":\"https:\\\/\\\/www.barakabike.es\\\/2017\\\/12\\\/karla-kortazar-baskonia-baraka-bike-premiada-por-su-trayectoria-deportiva\\\/\",\"url\":\"https:\\\/\\\/www.barakabike.es\\\/2017\\\/12\\\/karla-kortazar-baskonia-baraka-bike-premiada-por-su-trayectoria-deportiva\\\/\",\"name\":\"Karla Kortazar (Baskonia - Baraka Bike) premiada por su trayectoria deportiva -\",\"isPartOf\":{\"@id\":\"https:\\\/\\\/www.barakabike.es\\\/#website\"},\"primaryImageOfPage\":{\"@id\":\"https:\\\/\\\/www.barakabike.es\\\/2017\\\/12\\\/karla-kortazar-baskonia-baraka-bike-premiada-por-su-trayectoria-deportiva\\\/#primaryimage\"},\"image\":{\"@id\":\"https:\\\/\\\/www.barakabike.es\\\/2017\\\/12\\\/karla-kortazar-baskonia-baraka-bike-premiada-por-su-trayectoria-deportiva\\\/#primaryimage\"},\"thumbnailUrl\":\"https:\\\/\\\/www.barakabike.es\\\/wp-content\\\/uploads\\\/2017\\\/12\\\/WhatsApp-Image-2017-12-15-at-20.49.17.jpeg\",\"datePublished\":\"2017-12-18T10:30:09+00:00\",\"dateModified\":\"2017-12-18T10:31:25+00:00\",\"author\":{\"@id\":\"https:\\\/\\\/www.barakabike.es\\\/#\\\/schema\\\/person\\\/514fe57c05a024b80e70800f7830d411\"},\"breadcrumb\":{\"@id\":\"https:\\\/\\\/www.barakabike.es\\\/2017\\\/12\\\/karla-kortazar-baskonia-baraka-bike-premiada-por-su-trayectoria-deportiva\\\/#breadcrumb\"},\"inLanguage\":\"eu\",\"potentialAction\":[{\"@type\":\"ReadAction\",\"target\":[\"https:\\\/\\\/www.barakabike.es\\\/2017\\\/12\\\/karla-kortazar-baskonia-baraka-bike-premiada-por-su-trayectoria-deportiva\\\/\"]}]},{\"@type\":\"ImageObject\",\"inLanguage\":\"eu\",\"@id\":\"https:\\\/\\\/www.barakabike.es\\\/2017\\\/12\\\/karla-kortazar-baskonia-baraka-bike-premiada-por-su-trayectoria-deportiva\\\/#primaryimage\",\"url\":\"https:\\\/\\\/www.barakabike.es\\\/wp-content\\\/uploads\\\/2017\\\/12\\\/WhatsApp-Image-2017-12-15-at-20.49.17.jpeg\",\"contentUrl\":\"https:\\\/\\\/www.barakabike.es\\\/wp-content\\\/uploads\\\/2017\\\/12\\\/WhatsApp-Image-2017-12-15-at-20.49.17.jpeg\",\"width\":1600,\"height\":1600},{\"@type\":\"BreadcrumbList\",\"@id\":\"https:\\\/\\\/www.barakabike.es\\\/2017\\\/12\\\/karla-kortazar-baskonia-baraka-bike-premiada-por-su-trayectoria-deportiva\\\/#breadcrumb\",\"itemListElement\":[{\"@type\":\"ListItem\",\"position\":1,\"name\":\"Portada\",\"item\":\"https:\\\/\\\/www.barakabike.es\\\/\"},{\"@type\":\"ListItem\",\"position\":2,\"name\":\"Karla Kortazar (Baskonia &#8211; Baraka Bike) premiada por su trayectoria deportiva\"}]},{\"@type\":\"WebSite\",\"@id\":\"https:\\\/\\\/www.barakabike.es\\\/#website\",\"url\":\"https:\\\/\\\/www.barakabike.es\\\/\",\"name\":\"\",\"description\":\"\",\"potentialAction\":[{\"@type\":\"SearchAction\",\"target\":{\"@type\":\"EntryPoint\",\"urlTemplate\":\"https:\\\/\\\/www.barakabike.es\\\/?s={search_term_string}\"},\"query-input\":{\"@type\":\"PropertyValueSpecification\",\"valueRequired\":true,\"valueName\":\"search_term_string\"}}],\"inLanguage\":\"eu\"},{\"@type\":\"Person\",\"@id\":\"https:\\\/\\\/www.barakabike.es\\\/#\\\/schema\\\/person\\\/514fe57c05a024b80e70800f7830d411\",\"name\":\"C.C. Baraka Bike\",\"image\":{\"@type\":\"ImageObject\",\"inLanguage\":\"eu\",\"@id\":\"https:\\\/\\\/secure.gravatar.com\\\/avatar\\\/68caacd8fbde929b7f6a549d7e5e0833779adcb964cc45915280f391aced8d6b?s=96&d=mm&r=g\",\"url\":\"https:\\\/\\\/secure.gravatar.com\\\/avatar\\\/68caacd8fbde929b7f6a549d7e5e0833779adcb964cc45915280f391aced8d6b?s=96&d=mm&r=g\",\"contentUrl\":\"https:\\\/\\\/secure.gravatar.com\\\/avatar\\\/68caacd8fbde929b7f6a549d7e5e0833779adcb964cc45915280f391aced8d6b?s=96&d=mm&r=g\",\"caption\":\"C.C. Baraka Bike\"},\"url\":\"https:\\\/\\\/www.barakabike.es\\\/eu\\\/author\\\/jorge\\\/\"}]}<\/script>\n<!-- \/ Yoast SEO plugin. -->","yoast_head_json":{"title":"Karla Kortazar (Baskonia - Baraka Bike) premiada por su trayectoria deportiva -","robots":{"index":"index","follow":"follow","max-snippet":"max-snippet:-1","max-image-preview":"max-image-preview:large","max-video-preview":"max-video-preview:-1"},"canonical":"https:\/\/www.barakabike.es\/2017\/12\/karla-kortazar-baskonia-baraka-bike-premiada-por-su-trayectoria-deportiva\/","og_locale":"en_US","og_type":"article","og_title":"Karla Kortazar (Baskonia - Baraka Bike) premiada por su trayectoria deportiva -","og_description":"El pasado d\u00eda 15 de diciembre se celebr\u00f3 en el sal\u00f3n de actos del Polideportivo de Lasesarre la Gala del Deporte organizada por el Ayuntamiento de Barakaldo y el IMD-UKE. En este acto se premi\u00f3 a diferentes clubes, deportistas y directivos de clubes de Barakaldo, entre los que estaba, Karla Kortazar, integrante del equipo Baskonia-Baraka&hellip;","og_url":"https:\/\/www.barakabike.es\/2017\/12\/karla-kortazar-baskonia-baraka-bike-premiada-por-su-trayectoria-deportiva\/","article_published_time":"2017-12-18T10:30:09+00:00","article_modified_time":"2017-12-18T10:31:25+00:00","og_image":[{"width":1600,"height":1600,"url":"https:\/\/www.barakabike.es\/wp-content\/uploads\/2017\/12\/WhatsApp-Image-2017-12-15-at-20.49.17.jpeg","type":"image\/jpeg"}],"author":"C.C. Baraka Bike","twitter_card":"summary_large_image","twitter_misc":{"Written by":"C.C. Baraka Bike","Est. reading time":"1 minutua"},"schema":{"@context":"https:\/\/schema.org","@graph":[{"@type":"Article","@id":"https:\/\/www.barakabike.es\/2017\/12\/karla-kortazar-baskonia-baraka-bike-premiada-por-su-trayectoria-deportiva\/#article","isPartOf":{"@id":"https:\/\/www.barakabike.es\/2017\/12\/karla-kortazar-baskonia-baraka-bike-premiada-por-su-trayectoria-deportiva\/"},"author":{"name":"C.C. Baraka Bike","@id":"https:\/\/www.barakabike.es\/#\/schema\/person\/514fe57c05a024b80e70800f7830d411"},"headline":"Karla Kortazar (Baskonia &#8211; Baraka Bike) premiada por su trayectoria deportiva","datePublished":"2017-12-18T10:30:09+00:00","dateModified":"2017-12-18T10:31:25+00:00","mainEntityOfPage":{"@id":"https:\/\/www.barakabike.es\/2017\/12\/karla-kortazar-baskonia-baraka-bike-premiada-por-su-trayectoria-deportiva\/"},"wordCount":177,"image":{"@id":"https:\/\/www.barakabike.es\/2017\/12\/karla-kortazar-baskonia-baraka-bike-premiada-por-su-trayectoria-deportiva\/#primaryimage"},"thumbnailUrl":"https:\/\/www.barakabike.es\/wp-content\/uploads\/2017\/12\/WhatsApp-Image-2017-12-15-at-20.49.17.jpeg","articleSection":["general"],"inLanguage":"eu"},{"@type":"WebPage","@id":"https:\/\/www.barakabike.es\/2017\/12\/karla-kortazar-baskonia-baraka-bike-premiada-por-su-trayectoria-deportiva\/","url":"https:\/\/www.barakabike.es\/2017\/12\/karla-kortazar-baskonia-baraka-bike-premiada-por-su-trayectoria-deportiva\/","name":"Karla Kortazar (Baskonia - Baraka Bike) premiada por su trayectoria deportiva -","isPartOf":{"@id":"https:\/\/www.barakabike.es\/#website"},"primaryImageOfPage":{"@id":"https:\/\/www.barakabike.es\/2017\/12\/karla-kortazar-baskonia-baraka-bike-premiada-por-su-trayectoria-deportiva\/#primaryimage"},"image":{"@id":"https:\/\/www.barakabike.es\/2017\/12\/karla-kortazar-baskonia-baraka-bike-premiada-por-su-trayectoria-deportiva\/#primaryimage"},"thumbnailUrl":"https:\/\/www.barakabike.es\/wp-content\/uploads\/2017\/12\/WhatsApp-Image-2017-12-15-at-20.49.17.jpeg","datePublished":"2017-12-18T10:30:09+00:00","dateModified":"2017-12-18T10:31:25+00:00","author":{"@id":"https:\/\/www.barakabike.es\/#\/schema\/person\/514fe57c05a024b80e70800f7830d411"},"breadcrumb":{"@id":"https:\/\/www.barakabike.es\/2017\/12\/karla-kortazar-baskonia-baraka-bike-premiada-por-su-trayectoria-deportiva\/#breadcrumb"},"inLanguage":"eu","potentialAction":[{"@type":"ReadAction","target":["https:\/\/www.barakabike.es\/2017\/12\/karla-kortazar-baskonia-baraka-bike-premiada-por-su-trayectoria-deportiva\/"]}]},{"@type":"ImageObject","inLanguage":"eu","@id":"https:\/\/www.barakabike.es\/2017\/12\/karla-kortazar-baskonia-baraka-bike-premiada-por-su-trayectoria-deportiva\/#primaryimage","url":"https:\/\/www.barakabike.es\/wp-content\/uploads\/2017\/12\/WhatsApp-Image-2017-12-15-at-20.49.17.jpeg","contentUrl":"https:\/\/www.barakabike.es\/wp-content\/uploads\/2017\/12\/WhatsApp-Image-2017-12-15-at-20.49.17.jpeg","width":1600,"height":1600},{"@type":"BreadcrumbList","@id":"https:\/\/www.barakabike.es\/2017\/12\/karla-kortazar-baskonia-baraka-bike-premiada-por-su-trayectoria-deportiva\/#breadcrumb","itemListElement":[{"@type":"ListItem","position":1,"name":"Portada","item":"https:\/\/www.barakabike.es\/"},{"@type":"ListItem","position":2,"name":"Karla Kortazar (Baskonia &#8211; Baraka Bike) premiada por su trayectoria deportiva"}]},{"@type":"WebSite","@id":"https:\/\/www.barakabike.es\/#website","url":"https:\/\/www.barakabike.es\/","name":"","description":"","potentialAction":[{"@type":"SearchAction","target":{"@type":"EntryPoint","urlTemplate":"https:\/\/www.barakabike.es\/?s={search_term_string}"},"query-input":{"@type":"PropertyValueSpecification","valueRequired":true,"valueName":"search_term_string"}}],"inLanguage":"eu"},{"@type":"Person","@id":"https:\/\/www.barakabike.es\/#\/schema\/person\/514fe57c05a024b80e70800f7830d411","name":"C.C. Baraka Bike","image":{"@type":"ImageObject","inLanguage":"eu","@id":"https:\/\/secure.gravatar.com\/avatar\/68caacd8fbde929b7f6a549d7e5e0833779adcb964cc45915280f391aced8d6b?s=96&d=mm&r=g","url":"https:\/\/secure.gravatar.com\/avatar\/68caacd8fbde929b7f6a549d7e5e0833779adcb964cc45915280f391aced8d6b?s=96&d=mm&r=g","contentUrl":"https:\/\/secure.gravatar.com\/avatar\/68caacd8fbde929b7f6a549d7e5e0833779adcb964cc45915280f391aced8d6b?s=96&d=mm&r=g","caption":"C.C. Baraka Bike"},"url":"https:\/\/www.barakabike.es\/eu\/author\/jorge\/"}]}},"_links":{"self":[{"href":"https:\/\/www.barakabike.es\/eu\/wp-json\/wp\/v2\/posts\/531","targetHints":{"allow":["GET"]}}],"collection":[{"href":"https:\/\/www.barakabike.es\/eu\/wp-json\/wp\/v2\/posts"}],"about":[{"href":"https:\/\/www.barakabike.es\/eu\/wp-json\/wp\/v2\/types\/post"}],"author":[{"embeddable":true,"href":"https:\/\/www.barakabike.es\/eu\/wp-json\/wp\/v2\/users\/2"}],"replies":[{"embeddable":true,"href":"https:\/\/www.barakabike.es\/eu\/wp-json\/wp\/v2\/comments?post=531"}],"version-history":[{"count":0,"href":"https:\/\/www.barakabike.es\/eu\/wp-json\/wp\/v2\/posts\/531\/revisions"}],"wp:featuredmedia":[{"embeddable":true,"href":"https:\/\/www.barakabike.es\/eu\/wp-json\/wp\/v2\/media\/532"}],"wp:attachment":[{"href":"https:\/\/www.barakabike.es\/eu\/wp-json\/wp\/v2\/media?parent=531"}],"wp:term":[{"taxonomy":"category","embeddable":true,"href":"https:\/\/www.barakabike.es\/eu\/wp-json\/wp\/v2\/categories?post=531"},{"taxonomy":"post_tag","embeddable":true,"href":"https:\/\/www.barakabike.es\/eu\/wp-json\/wp\/v2\/tags?post=531"}],"curies":[{"name":"wp","href":"https:\/\/api.w.org\/{rel}","templated":true}]}}