{"id":48,"date":"2017-10-22T13:45:20","date_gmt":"2017-10-22T11:45:20","guid":{"rendered":"http:\/\/barakabike.es\/?p=48"},"modified":"2017-11-01T22:10:49","modified_gmt":"2017-11-01T21:10:49","slug":"baraka-bike-club-con-mas-participacion-en-la-pulmon-de-acero-2017","status":"publish","type":"post","link":"https:\/\/www.barakabike.es\/eu\/2017\/10\/baraka-bike-club-con-mas-participacion-en-la-pulmon-de-acero-2017\/","title":{"rendered":"Baraka Bike: El club con m\u00e1s participaci\u00f3n en la Pulm\u00f3n de Acero 2017"},"content":{"rendered":"<p><span style=\"font-weight: 400;\">El<strong> Club Clicista Baraka Bike<\/strong> particip\u00f3 en la tercera edici\u00f3n de la marcha no competitiva <strong>Pulm\u00f3n de Acero<\/strong>\u00a0celebrada en Barakaldo. Como viene siendo habitual fue una marcha excelentemente organizada y pasada por agua y mucho barro.<\/span><\/p>\n<p><img loading=\"lazy\" decoding=\"async\" class=\"size-medium wp-image-247 aligncenter\" src=\"https:\/\/www.barakabike.es\/wp-content\/uploads\/2017\/10\/WhatsApp-Image-2017-10-22-at-21.14.10-300x216.jpeg\" alt=\"\" width=\"300\" height=\"216\" srcset=\"https:\/\/www.barakabike.es\/wp-content\/uploads\/2017\/10\/WhatsApp-Image-2017-10-22-at-21.14.10-300x216.jpeg 300w, https:\/\/www.barakabike.es\/wp-content\/uploads\/2017\/10\/WhatsApp-Image-2017-10-22-at-21.14.10-768x553.jpeg 768w, https:\/\/www.barakabike.es\/wp-content\/uploads\/2017\/10\/WhatsApp-Image-2017-10-22-at-21.14.10-1024x738.jpeg 1024w, https:\/\/www.barakabike.es\/wp-content\/uploads\/2017\/10\/WhatsApp-Image-2017-10-22-at-21.14.10-400x288.jpeg 400w, https:\/\/www.barakabike.es\/wp-content\/uploads\/2017\/10\/WhatsApp-Image-2017-10-22-at-21.14.10.jpeg 1130w\" sizes=\"auto, (max-width: 300px) 100vw, 300px\" \/><\/p>\n<p><!--more--><\/p>\n<p>El Club tuvo una participaci\u00f3n de doce corredores, la m\u00e1s numerosa entre los dos recorridos de la marcha. Juanjo, Andr\u00e9s, Julen, Rom\u00e1n, Jorge, Aritza, Dalvi, Borja, Manolo, Jorge, Jose Manuel y Oscar disfrutaron y sufrieron en este d\u00eda tan bonito y duro para la pr\u00e1ctica del MTB<\/p>\n<p>&nbsp;<\/p>\n<div id='gallery-1' class='gallery galleryid-48 gallery-columns-3 gallery-size-thumbnail'><dl class='gallery-item'>\n\t\t\t<dt class='gallery-icon landscape'>\n\t\t\t\t<a href='https:\/\/www.barakabike.es\/eu\/2017\/10\/baraka-bike-club-con-mas-participacion-en-la-pulmon-de-acero-2017\/cof-2\/'><img loading=\"lazy\" decoding=\"async\" width=\"150\" height=\"150\" src=\"https:\/\/www.barakabike.es\/wp-content\/uploads\/2017\/10\/IMG_20171022_084112-150x150.jpg\" class=\"attachment-thumbnail size-thumbnail\" alt=\"\" \/><\/a>\n\t\t\t<\/dt><\/dl><dl class='gallery-item'>\n\t\t\t<dt class='gallery-icon landscape'>\n\t\t\t\t<a href='https:\/\/www.barakabike.es\/eu\/2017\/10\/baraka-bike-club-con-mas-participacion-en-la-pulmon-de-acero-2017\/image2\/'><img loading=\"lazy\" decoding=\"async\" width=\"150\" height=\"150\" src=\"https:\/\/www.barakabike.es\/wp-content\/uploads\/2017\/10\/image2-150x150.jpeg\" class=\"attachment-thumbnail size-thumbnail\" alt=\"\" \/><\/a>\n\t\t\t<\/dt><\/dl><dl class='gallery-item'>\n\t\t\t<dt class='gallery-icon portrait'>\n\t\t\t\t<a href='https:\/\/www.barakabike.es\/eu\/2017\/10\/baraka-bike-club-con-mas-participacion-en-la-pulmon-de-acero-2017\/whatsapp-image-2017-10-22-at-14-14-00\/'><img loading=\"lazy\" decoding=\"async\" width=\"150\" height=\"150\" src=\"https:\/\/www.barakabike.es\/wp-content\/uploads\/2017\/10\/WhatsApp-Image-2017-10-22-at-14.14.00-150x150.jpeg\" class=\"attachment-thumbnail size-thumbnail\" alt=\"\" \/><\/a>\n\t\t\t<\/dt><\/dl><dl class='gallery-item'>\n\t\t\t<dt class='gallery-icon landscape'>\n\t\t\t\t<a href='https:\/\/www.barakabike.es\/eu\/2017\/10\/baraka-bike-club-con-mas-participacion-en-la-pulmon-de-acero-2017\/whatsapp-image-2017-10-22-at-14-14-43\/'><img loading=\"lazy\" decoding=\"async\" width=\"150\" height=\"150\" src=\"https:\/\/www.barakabike.es\/wp-content\/uploads\/2017\/10\/WhatsApp-Image-2017-10-22-at-14.14.43-150x150.jpeg\" class=\"attachment-thumbnail size-thumbnail\" alt=\"\" \/><\/a>\n\t\t\t<\/dt><\/dl><dl class='gallery-item'>\n\t\t\t<dt class='gallery-icon portrait'>\n\t\t\t\t<a href='https:\/\/www.barakabike.es\/eu\/2017\/10\/baraka-bike-club-con-mas-participacion-en-la-pulmon-de-acero-2017\/whatsapp-image-2017-10-22-at-14-14-44\/'><img loading=\"lazy\" decoding=\"async\" width=\"150\" height=\"150\" src=\"https:\/\/www.barakabike.es\/wp-content\/uploads\/2017\/10\/WhatsApp-Image-2017-10-22-at-14.14.44-150x150.jpeg\" class=\"attachment-thumbnail size-thumbnail\" alt=\"\" \/><\/a>\n\t\t\t<\/dt><\/dl><dl class='gallery-item'>\n\t\t\t<dt class='gallery-icon landscape'>\n\t\t\t\t<a href='https:\/\/www.barakabike.es\/eu\/2017\/10\/baraka-bike-club-con-mas-participacion-en-la-pulmon-de-acero-2017\/whatsapp-image-2017-10-22-at-21-14-08\/'><img loading=\"lazy\" decoding=\"async\" width=\"150\" height=\"150\" src=\"https:\/\/www.barakabike.es\/wp-content\/uploads\/2017\/10\/WhatsApp-Image-2017-10-22-at-21.14.08-150x150.jpeg\" class=\"attachment-thumbnail size-thumbnail\" alt=\"\" \/><\/a>\n\t\t\t<\/dt><\/dl><dl class='gallery-item'>\n\t\t\t<dt class='gallery-icon landscape'>\n\t\t\t\t<a href='https:\/\/www.barakabike.es\/eu\/2017\/10\/baraka-bike-club-con-mas-participacion-en-la-pulmon-de-acero-2017\/whatsapp-image-2017-10-22-at-21-14-10\/'><img loading=\"lazy\" decoding=\"async\" width=\"150\" height=\"150\" src=\"https:\/\/www.barakabike.es\/wp-content\/uploads\/2017\/10\/WhatsApp-Image-2017-10-22-at-21.14.10-150x150.jpeg\" class=\"attachment-thumbnail size-thumbnail\" alt=\"\" \/><\/a>\n\t\t\t<\/dt><\/dl><dl class='gallery-item'>\n\t\t\t<dt class='gallery-icon portrait'>\n\t\t\t\t<a href='https:\/\/www.barakabike.es\/eu\/2017\/10\/baraka-bike-club-con-mas-participacion-en-la-pulmon-de-acero-2017\/whatsapp-image-2017-10-22-at-21-14-14\/'><img loading=\"lazy\" decoding=\"async\" width=\"150\" height=\"150\" src=\"https:\/\/www.barakabike.es\/wp-content\/uploads\/2017\/10\/WhatsApp-Image-2017-10-22-at-21.14.14-150x150.jpeg\" class=\"attachment-thumbnail size-thumbnail\" alt=\"\" \/><\/a>\n\t\t\t<\/dt><\/dl><dl class='gallery-item'>\n\t\t\t<dt class='gallery-icon landscape'>\n\t\t\t\t<a href='https:\/\/www.barakabike.es\/eu\/2017\/10\/baraka-bike-club-con-mas-participacion-en-la-pulmon-de-acero-2017\/whatsapp-image-2017-10-23-at-18-15-41\/'><img loading=\"lazy\" decoding=\"async\" width=\"150\" height=\"150\" src=\"https:\/\/www.barakabike.es\/wp-content\/uploads\/2017\/10\/WhatsApp-Image-2017-10-23-at-18.15.41-150x150.jpeg\" class=\"attachment-thumbnail size-thumbnail\" alt=\"\" \/><\/a>\n\t\t\t<\/dt><\/dl>\n\t\t<\/div>\n\n<p>&nbsp;<\/p>\n<p>&nbsp;<\/p>\n<p>&nbsp;<\/p>\n<p><iframe loading=\"lazy\" title=\"Pulm\u00f3n de Acero 2017\" width=\"640\" height=\"360\" src=\"https:\/\/www.youtube.com\/embed\/B_tW6g19E3o?start=3&#038;feature=oembed\" frameborder=\"0\" allow=\"accelerometer; autoplay; clipboard-write; encrypted-media; gyroscope; picture-in-picture; web-share\" referrerpolicy=\"strict-origin-when-cross-origin\" allowfullscreen><\/iframe><\/p>\n<!-- AddThis Advanced Settings generic via filter on the_content --><!-- AddThis Share Buttons generic via filter on the_content -->","protected":false},"excerpt":{"rendered":"<p>El Club Clicista Baraka Bike particip\u00f3 en la tercera edici\u00f3n de la marcha no competitiva Pulm\u00f3n de Acero\u00a0celebrada en Barakaldo. Como viene siendo habitual fue una marcha excelentemente organizada y pasada por agua y mucho barro.<!-- AddThis Advanced Settings generic via filter on get_the_excerpt --><!-- AddThis Share Buttons generic via filter on get_the_excerpt --><\/p>\n","protected":false},"author":4,"featured_media":241,"comment_status":"closed","ping_status":"open","sticky":false,"template":"","format":"standard","meta":{"footnotes":""},"categories":[7],"tags":[],"class_list":["post-48","post","type-post","status-publish","format-standard","has-post-thumbnail","hentry","category-marchas"],"yoast_head":"<!-- This site is optimized with the Yoast SEO plugin v27.3 - https:\/\/yoast.com\/product\/yoast-seo-wordpress\/ -->\n<title>Baraka Bike: El club con m\u00e1s participaci\u00f3n en la Pulm\u00f3n de Acero 2017 -<\/title>\n<meta name=\"robots\" content=\"index, follow, max-snippet:-1, max-image-preview:large, max-video-preview:-1\" \/>\n<link rel=\"canonical\" href=\"https:\/\/www.barakabike.es\/eu\/2017\/10\/baraka-bike-club-con-mas-participacion-en-la-pulmon-de-acero-2017\/\" \/>\n<meta property=\"og:locale\" content=\"en_US\" \/>\n<meta property=\"og:type\" content=\"article\" \/>\n<meta property=\"og:title\" content=\"Baraka Bike: El club con m\u00e1s participaci\u00f3n en la Pulm\u00f3n de Acero 2017 -\" \/>\n<meta property=\"og:description\" content=\"El Club Clicista Baraka Bike particip\u00f3 en la tercera edici\u00f3n de la marcha no competitiva Pulm\u00f3n de Acero\u00a0celebrada en Barakaldo. Como viene siendo habitual fue una marcha excelentemente organizada y pasada por agua y mucho barro.\" \/>\n<meta property=\"og:url\" content=\"https:\/\/www.barakabike.es\/eu\/2017\/10\/baraka-bike-club-con-mas-participacion-en-la-pulmon-de-acero-2017\/\" \/>\n<meta property=\"article:published_time\" content=\"2017-10-22T11:45:20+00:00\" \/>\n<meta property=\"article:modified_time\" content=\"2017-11-01T21:10:49+00:00\" \/>\n<meta property=\"og:image\" content=\"https:\/\/www.barakabike.es\/wp-content\/uploads\/2017\/10\/IMG_20171022_084112.jpg\" \/>\n\t<meta property=\"og:image:width\" content=\"3264\" \/>\n\t<meta property=\"og:image:height\" content=\"1840\" \/>\n\t<meta property=\"og:image:type\" content=\"image\/jpeg\" \/>\n<meta name=\"author\" content=\"Aito\" \/>\n<meta name=\"twitter:card\" content=\"summary_large_image\" \/>\n<meta name=\"twitter:label1\" content=\"Written by\" \/>\n\t<meta name=\"twitter:data1\" content=\"Aito\" \/>\n\t<meta name=\"twitter:label2\" content=\"Est. reading time\" \/>\n\t<meta name=\"twitter:data2\" content=\"1 minutua\" \/>\n<script type=\"application\/ld+json\" class=\"yoast-schema-graph\">{\"@context\":\"https:\\\/\\\/schema.org\",\"@graph\":[{\"@type\":\"Article\",\"@id\":\"https:\\\/\\\/www.barakabike.es\\\/eu\\\/2017\\\/10\\\/baraka-bike-club-con-mas-participacion-en-la-pulmon-de-acero-2017\\\/#article\",\"isPartOf\":{\"@id\":\"https:\\\/\\\/www.barakabike.es\\\/eu\\\/2017\\\/10\\\/baraka-bike-club-con-mas-participacion-en-la-pulmon-de-acero-2017\\\/\"},\"author\":{\"name\":\"Aito\",\"@id\":\"https:\\\/\\\/www.barakabike.es\\\/#\\\/schema\\\/person\\\/324699c07d27e8b899a32d6c8e4c0f5d\"},\"headline\":\"Baraka Bike: El club con m\u00e1s participaci\u00f3n en la Pulm\u00f3n de Acero 2017\",\"datePublished\":\"2017-10-22T11:45:20+00:00\",\"dateModified\":\"2017-11-01T21:10:49+00:00\",\"mainEntityOfPage\":{\"@id\":\"https:\\\/\\\/www.barakabike.es\\\/eu\\\/2017\\\/10\\\/baraka-bike-club-con-mas-participacion-en-la-pulmon-de-acero-2017\\\/\"},\"wordCount\":145,\"image\":{\"@id\":\"https:\\\/\\\/www.barakabike.es\\\/eu\\\/2017\\\/10\\\/baraka-bike-club-con-mas-participacion-en-la-pulmon-de-acero-2017\\\/#primaryimage\"},\"thumbnailUrl\":\"https:\\\/\\\/www.barakabike.es\\\/wp-content\\\/uploads\\\/2017\\\/10\\\/IMG_20171022_084112.jpg\",\"articleSection\":[\"marchas\"],\"inLanguage\":\"eu\"},{\"@type\":\"WebPage\",\"@id\":\"https:\\\/\\\/www.barakabike.es\\\/eu\\\/2017\\\/10\\\/baraka-bike-club-con-mas-participacion-en-la-pulmon-de-acero-2017\\\/\",\"url\":\"https:\\\/\\\/www.barakabike.es\\\/eu\\\/2017\\\/10\\\/baraka-bike-club-con-mas-participacion-en-la-pulmon-de-acero-2017\\\/\",\"name\":\"Baraka Bike: El club con m\u00e1s participaci\u00f3n en la Pulm\u00f3n de Acero 2017 -\",\"isPartOf\":{\"@id\":\"https:\\\/\\\/www.barakabike.es\\\/#website\"},\"primaryImageOfPage\":{\"@id\":\"https:\\\/\\\/www.barakabike.es\\\/eu\\\/2017\\\/10\\\/baraka-bike-club-con-mas-participacion-en-la-pulmon-de-acero-2017\\\/#primaryimage\"},\"image\":{\"@id\":\"https:\\\/\\\/www.barakabike.es\\\/eu\\\/2017\\\/10\\\/baraka-bike-club-con-mas-participacion-en-la-pulmon-de-acero-2017\\\/#primaryimage\"},\"thumbnailUrl\":\"https:\\\/\\\/www.barakabike.es\\\/wp-content\\\/uploads\\\/2017\\\/10\\\/IMG_20171022_084112.jpg\",\"datePublished\":\"2017-10-22T11:45:20+00:00\",\"dateModified\":\"2017-11-01T21:10:49+00:00\",\"author\":{\"@id\":\"https:\\\/\\\/www.barakabike.es\\\/#\\\/schema\\\/person\\\/324699c07d27e8b899a32d6c8e4c0f5d\"},\"breadcrumb\":{\"@id\":\"https:\\\/\\\/www.barakabike.es\\\/eu\\\/2017\\\/10\\\/baraka-bike-club-con-mas-participacion-en-la-pulmon-de-acero-2017\\\/#breadcrumb\"},\"inLanguage\":\"eu\",\"potentialAction\":[{\"@type\":\"ReadAction\",\"target\":[\"https:\\\/\\\/www.barakabike.es\\\/eu\\\/2017\\\/10\\\/baraka-bike-club-con-mas-participacion-en-la-pulmon-de-acero-2017\\\/\"]}]},{\"@type\":\"ImageObject\",\"inLanguage\":\"eu\",\"@id\":\"https:\\\/\\\/www.barakabike.es\\\/eu\\\/2017\\\/10\\\/baraka-bike-club-con-mas-participacion-en-la-pulmon-de-acero-2017\\\/#primaryimage\",\"url\":\"https:\\\/\\\/www.barakabike.es\\\/wp-content\\\/uploads\\\/2017\\\/10\\\/IMG_20171022_084112.jpg\",\"contentUrl\":\"https:\\\/\\\/www.barakabike.es\\\/wp-content\\\/uploads\\\/2017\\\/10\\\/IMG_20171022_084112.jpg\",\"width\":3264,\"height\":1840},{\"@type\":\"BreadcrumbList\",\"@id\":\"https:\\\/\\\/www.barakabike.es\\\/eu\\\/2017\\\/10\\\/baraka-bike-club-con-mas-participacion-en-la-pulmon-de-acero-2017\\\/#breadcrumb\",\"itemListElement\":[{\"@type\":\"ListItem\",\"position\":1,\"name\":\"Portada\",\"item\":\"https:\\\/\\\/www.barakabike.es\\\/\"},{\"@type\":\"ListItem\",\"position\":2,\"name\":\"Baraka Bike: El club con m\u00e1s participaci\u00f3n en la Pulm\u00f3n de Acero 2017\"}]},{\"@type\":\"WebSite\",\"@id\":\"https:\\\/\\\/www.barakabike.es\\\/#website\",\"url\":\"https:\\\/\\\/www.barakabike.es\\\/\",\"name\":\"\",\"description\":\"\",\"potentialAction\":[{\"@type\":\"SearchAction\",\"target\":{\"@type\":\"EntryPoint\",\"urlTemplate\":\"https:\\\/\\\/www.barakabike.es\\\/?s={search_term_string}\"},\"query-input\":{\"@type\":\"PropertyValueSpecification\",\"valueRequired\":true,\"valueName\":\"search_term_string\"}}],\"inLanguage\":\"eu\"},{\"@type\":\"Person\",\"@id\":\"https:\\\/\\\/www.barakabike.es\\\/#\\\/schema\\\/person\\\/324699c07d27e8b899a32d6c8e4c0f5d\",\"name\":\"Aito\",\"image\":{\"@type\":\"ImageObject\",\"inLanguage\":\"eu\",\"@id\":\"https:\\\/\\\/secure.gravatar.com\\\/avatar\\\/a7992990fe619bf2c5f9a544445bbb7d66464b90f7288eb1ba12a41d3559d78a?s=96&d=mm&r=g\",\"url\":\"https:\\\/\\\/secure.gravatar.com\\\/avatar\\\/a7992990fe619bf2c5f9a544445bbb7d66464b90f7288eb1ba12a41d3559d78a?s=96&d=mm&r=g\",\"contentUrl\":\"https:\\\/\\\/secure.gravatar.com\\\/avatar\\\/a7992990fe619bf2c5f9a544445bbb7d66464b90f7288eb1ba12a41d3559d78a?s=96&d=mm&r=g\",\"caption\":\"Aito\"},\"url\":\"https:\\\/\\\/www.barakabike.es\\\/eu\\\/author\\\/ato\\\/\"}]}<\/script>\n<!-- \/ Yoast SEO plugin. -->","yoast_head_json":{"title":"Baraka Bike: El club con m\u00e1s participaci\u00f3n en la Pulm\u00f3n de Acero 2017 -","robots":{"index":"index","follow":"follow","max-snippet":"max-snippet:-1","max-image-preview":"max-image-preview:large","max-video-preview":"max-video-preview:-1"},"canonical":"https:\/\/www.barakabike.es\/eu\/2017\/10\/baraka-bike-club-con-mas-participacion-en-la-pulmon-de-acero-2017\/","og_locale":"en_US","og_type":"article","og_title":"Baraka Bike: El club con m\u00e1s participaci\u00f3n en la Pulm\u00f3n de Acero 2017 -","og_description":"El Club Clicista Baraka Bike particip\u00f3 en la tercera edici\u00f3n de la marcha no competitiva Pulm\u00f3n de Acero\u00a0celebrada en Barakaldo. Como viene siendo habitual fue una marcha excelentemente organizada y pasada por agua y mucho barro.","og_url":"https:\/\/www.barakabike.es\/eu\/2017\/10\/baraka-bike-club-con-mas-participacion-en-la-pulmon-de-acero-2017\/","article_published_time":"2017-10-22T11:45:20+00:00","article_modified_time":"2017-11-01T21:10:49+00:00","og_image":[{"width":3264,"height":1840,"url":"https:\/\/www.barakabike.es\/wp-content\/uploads\/2017\/10\/IMG_20171022_084112.jpg","type":"image\/jpeg"}],"author":"Aito","twitter_card":"summary_large_image","twitter_misc":{"Written by":"Aito","Est. reading time":"1 minutua"},"schema":{"@context":"https:\/\/schema.org","@graph":[{"@type":"Article","@id":"https:\/\/www.barakabike.es\/eu\/2017\/10\/baraka-bike-club-con-mas-participacion-en-la-pulmon-de-acero-2017\/#article","isPartOf":{"@id":"https:\/\/www.barakabike.es\/eu\/2017\/10\/baraka-bike-club-con-mas-participacion-en-la-pulmon-de-acero-2017\/"},"author":{"name":"Aito","@id":"https:\/\/www.barakabike.es\/#\/schema\/person\/324699c07d27e8b899a32d6c8e4c0f5d"},"headline":"Baraka Bike: El club con m\u00e1s participaci\u00f3n en la Pulm\u00f3n de Acero 2017","datePublished":"2017-10-22T11:45:20+00:00","dateModified":"2017-11-01T21:10:49+00:00","mainEntityOfPage":{"@id":"https:\/\/www.barakabike.es\/eu\/2017\/10\/baraka-bike-club-con-mas-participacion-en-la-pulmon-de-acero-2017\/"},"wordCount":145,"image":{"@id":"https:\/\/www.barakabike.es\/eu\/2017\/10\/baraka-bike-club-con-mas-participacion-en-la-pulmon-de-acero-2017\/#primaryimage"},"thumbnailUrl":"https:\/\/www.barakabike.es\/wp-content\/uploads\/2017\/10\/IMG_20171022_084112.jpg","articleSection":["marchas"],"inLanguage":"eu"},{"@type":"WebPage","@id":"https:\/\/www.barakabike.es\/eu\/2017\/10\/baraka-bike-club-con-mas-participacion-en-la-pulmon-de-acero-2017\/","url":"https:\/\/www.barakabike.es\/eu\/2017\/10\/baraka-bike-club-con-mas-participacion-en-la-pulmon-de-acero-2017\/","name":"Baraka Bike: El club con m\u00e1s participaci\u00f3n en la Pulm\u00f3n de Acero 2017 -","isPartOf":{"@id":"https:\/\/www.barakabike.es\/#website"},"primaryImageOfPage":{"@id":"https:\/\/www.barakabike.es\/eu\/2017\/10\/baraka-bike-club-con-mas-participacion-en-la-pulmon-de-acero-2017\/#primaryimage"},"image":{"@id":"https:\/\/www.barakabike.es\/eu\/2017\/10\/baraka-bike-club-con-mas-participacion-en-la-pulmon-de-acero-2017\/#primaryimage"},"thumbnailUrl":"https:\/\/www.barakabike.es\/wp-content\/uploads\/2017\/10\/IMG_20171022_084112.jpg","datePublished":"2017-10-22T11:45:20+00:00","dateModified":"2017-11-01T21:10:49+00:00","author":{"@id":"https:\/\/www.barakabike.es\/#\/schema\/person\/324699c07d27e8b899a32d6c8e4c0f5d"},"breadcrumb":{"@id":"https:\/\/www.barakabike.es\/eu\/2017\/10\/baraka-bike-club-con-mas-participacion-en-la-pulmon-de-acero-2017\/#breadcrumb"},"inLanguage":"eu","potentialAction":[{"@type":"ReadAction","target":["https:\/\/www.barakabike.es\/eu\/2017\/10\/baraka-bike-club-con-mas-participacion-en-la-pulmon-de-acero-2017\/"]}]},{"@type":"ImageObject","inLanguage":"eu","@id":"https:\/\/www.barakabike.es\/eu\/2017\/10\/baraka-bike-club-con-mas-participacion-en-la-pulmon-de-acero-2017\/#primaryimage","url":"https:\/\/www.barakabike.es\/wp-content\/uploads\/2017\/10\/IMG_20171022_084112.jpg","contentUrl":"https:\/\/www.barakabike.es\/wp-content\/uploads\/2017\/10\/IMG_20171022_084112.jpg","width":3264,"height":1840},{"@type":"BreadcrumbList","@id":"https:\/\/www.barakabike.es\/eu\/2017\/10\/baraka-bike-club-con-mas-participacion-en-la-pulmon-de-acero-2017\/#breadcrumb","itemListElement":[{"@type":"ListItem","position":1,"name":"Portada","item":"https:\/\/www.barakabike.es\/"},{"@type":"ListItem","position":2,"name":"Baraka Bike: El club con m\u00e1s participaci\u00f3n en la Pulm\u00f3n de Acero 2017"}]},{"@type":"WebSite","@id":"https:\/\/www.barakabike.es\/#website","url":"https:\/\/www.barakabike.es\/","name":"","description":"","potentialAction":[{"@type":"SearchAction","target":{"@type":"EntryPoint","urlTemplate":"https:\/\/www.barakabike.es\/?s={search_term_string}"},"query-input":{"@type":"PropertyValueSpecification","valueRequired":true,"valueName":"search_term_string"}}],"inLanguage":"eu"},{"@type":"Person","@id":"https:\/\/www.barakabike.es\/#\/schema\/person\/324699c07d27e8b899a32d6c8e4c0f5d","name":"Aito","image":{"@type":"ImageObject","inLanguage":"eu","@id":"https:\/\/secure.gravatar.com\/avatar\/a7992990fe619bf2c5f9a544445bbb7d66464b90f7288eb1ba12a41d3559d78a?s=96&d=mm&r=g","url":"https:\/\/secure.gravatar.com\/avatar\/a7992990fe619bf2c5f9a544445bbb7d66464b90f7288eb1ba12a41d3559d78a?s=96&d=mm&r=g","contentUrl":"https:\/\/secure.gravatar.com\/avatar\/a7992990fe619bf2c5f9a544445bbb7d66464b90f7288eb1ba12a41d3559d78a?s=96&d=mm&r=g","caption":"Aito"},"url":"https:\/\/www.barakabike.es\/eu\/author\/ato\/"}]}},"_links":{"self":[{"href":"https:\/\/www.barakabike.es\/eu\/wp-json\/wp\/v2\/posts\/48","targetHints":{"allow":["GET"]}}],"collection":[{"href":"https:\/\/www.barakabike.es\/eu\/wp-json\/wp\/v2\/posts"}],"about":[{"href":"https:\/\/www.barakabike.es\/eu\/wp-json\/wp\/v2\/types\/post"}],"author":[{"embeddable":true,"href":"https:\/\/www.barakabike.es\/eu\/wp-json\/wp\/v2\/users\/4"}],"replies":[{"embeddable":true,"href":"https:\/\/www.barakabike.es\/eu\/wp-json\/wp\/v2\/comments?post=48"}],"version-history":[{"count":0,"href":"https:\/\/www.barakabike.es\/eu\/wp-json\/wp\/v2\/posts\/48\/revisions"}],"wp:featuredmedia":[{"embeddable":true,"href":"https:\/\/www.barakabike.es\/eu\/wp-json\/wp\/v2\/media\/241"}],"wp:attachment":[{"href":"https:\/\/www.barakabike.es\/eu\/wp-json\/wp\/v2\/media?parent=48"}],"wp:term":[{"taxonomy":"category","embeddable":true,"href":"https:\/\/www.barakabike.es\/eu\/wp-json\/wp\/v2\/categories?post=48"},{"taxonomy":"post_tag","embeddable":true,"href":"https:\/\/www.barakabike.es\/eu\/wp-json\/wp\/v2\/tags?post=48"}],"curies":[{"name":"wp","href":"https:\/\/api.w.org\/{rel}","templated":true}]}}