{"id":1553,"date":"2019-06-06T18:47:16","date_gmt":"2019-06-06T16:47:16","guid":{"rendered":"https:\/\/www.barakabike.es\/?p=1553"},"modified":"2019-06-07T23:04:26","modified_gmt":"2019-06-07T21:04:26","slug":"la-bike-eskola-y-el-equipo-juntos","status":"publish","type":"post","link":"https:\/\/www.barakabike.es\/eu\/2019\/06\/la-bike-eskola-y-el-equipo-juntos\/","title":{"rendered":"La Bike Eskola y el equipo juntos en las Green Series Challenge XCO"},"content":{"rendered":"<p>Los integrantes de la <strong>Bike Eskola<\/strong> del <strong>Club Ciclista Baraka Bike<\/strong> presenciaron en directo la carrera de la\u00a0<strong>Green Series Challenge XCO<\/strong> a su paso por la Orconera, en el circuito de las Balsas (Ortuella), y animaron al <strong>equipo de competici\u00f3n de Baraka Bike<\/strong>. A primera hora, <strong>Edu del Collado<\/strong>\u00a0afianz\u00f3 el liderato en la general de la categor\u00eda M50, consiguiendo un nuevo podium.<\/p>\n<p><!--more--><\/p>\n<p>Los bikers de la Eskola partieron a primera hora de la ma\u00f1ana del barrio de Zuazo direcci\u00f3n Retuerto, para girar en la calle Ametzaga y empezar el ascenso por la pista hormigonada. Tras la subida se pas\u00f3 por los oscuros y encharcados t\u00faneles, que esperamos que alg\u00fan d\u00eda est\u00e9n adecentados para la circulaci\u00f3n de peatones y ciclistas, antes de enlazar con el bidegorri y llegar a las rampas de la Orconera donde se ubicaba el avituallamiento. En total, ocho kil\u00f3metros de ruta, con un intenso calor, en la que hubo que hacer un alto en el camino en varias ocasiones para hidratarse.<\/p>\n<p>Una vez hecho el tradicional hamaiketako, los integrantes de la escuela, bien apostados y expectantes, esperaban a los participantes de las\u00a0Green Series Challenge XCO. Cinco minutos despu\u00e9s del pistolezato de salida, llegaban los primeros ciclistas tras una dur\u00edsima subida desde Ortuella. Por all\u00ed pasaron Gus, Julen y Julio, que agradecieron los gritos de \u00e1nimo de los m\u00e1s peque\u00f1os. Fue un bonito d\u00eda donde escuela y equipo confluyeron durante unos intensos instantes.<\/p>\n<p style=\"text-align: center;\"><a href=\"https:\/\/www.barakabike.es\/wp-content\/uploads\/2019\/06\/bike-eskola-equipo-4.jpeg\"><img loading=\"lazy\" decoding=\"async\" class=\"alignnone size-medium wp-image-1557\" src=\"https:\/\/www.barakabike.es\/wp-content\/uploads\/2019\/06\/bike-eskola-equipo-4-278x300.jpeg\" alt=\"\" width=\"278\" height=\"300\" srcset=\"https:\/\/www.barakabike.es\/wp-content\/uploads\/2019\/06\/bike-eskola-equipo-4-278x300.jpeg 278w, https:\/\/www.barakabike.es\/wp-content\/uploads\/2019\/06\/bike-eskola-equipo-4-768x829.jpeg 768w, https:\/\/www.barakabike.es\/wp-content\/uploads\/2019\/06\/bike-eskola-equipo-4-949x1024.jpeg 949w, https:\/\/www.barakabike.es\/wp-content\/uploads\/2019\/06\/bike-eskola-equipo-4.jpeg 1337w\" sizes=\"auto, (max-width: 278px) 100vw, 278px\" \/><\/a><\/p>\n<p style=\"text-align: center;\"><a href=\"https:\/\/www.barakabike.es\/wp-content\/uploads\/2019\/06\/bike-eskola-equipo-5.jpg\"><img loading=\"lazy\" decoding=\"async\" class=\"alignnone size-medium wp-image-1562\" src=\"https:\/\/www.barakabike.es\/wp-content\/uploads\/2019\/06\/bike-eskola-equipo-5-300x225.jpg\" alt=\"\" width=\"300\" height=\"225\" srcset=\"https:\/\/www.barakabike.es\/wp-content\/uploads\/2019\/06\/bike-eskola-equipo-5-300x225.jpg 300w, https:\/\/www.barakabike.es\/wp-content\/uploads\/2019\/06\/bike-eskola-equipo-5-768x576.jpg 768w, https:\/\/www.barakabike.es\/wp-content\/uploads\/2019\/06\/bike-eskola-equipo-5-1024x768.jpg 1024w, https:\/\/www.barakabike.es\/wp-content\/uploads\/2019\/06\/bike-eskola-equipo-5-400x300.jpg 400w, https:\/\/www.barakabike.es\/wp-content\/uploads\/2019\/06\/bike-eskola-equipo-5.jpg 1600w\" sizes=\"auto, (max-width: 300px) 100vw, 300px\" \/><\/a><\/p>\n<p style=\"text-align: center;\"><a href=\"https:\/\/www.barakabike.es\/wp-content\/uploads\/2019\/06\/bike-eskola-equipo-7.jpg\"><img loading=\"lazy\" decoding=\"async\" class=\"alignnone size-medium wp-image-1568\" src=\"https:\/\/www.barakabike.es\/wp-content\/uploads\/2019\/06\/bike-eskola-equipo-7-276x300.jpg\" alt=\"\" width=\"276\" height=\"300\" srcset=\"https:\/\/www.barakabike.es\/wp-content\/uploads\/2019\/06\/bike-eskola-equipo-7-276x300.jpg 276w, https:\/\/www.barakabike.es\/wp-content\/uploads\/2019\/06\/bike-eskola-equipo-7-768x834.jpg 768w, https:\/\/www.barakabike.es\/wp-content\/uploads\/2019\/06\/bike-eskola-equipo-7.jpg 900w\" sizes=\"auto, (max-width: 276px) 100vw, 276px\" \/><\/a><\/p>\n<p>&nbsp;<\/p>\n<p>En la entrega de premios Edu del Collado fue coronado campe\u00f3n de Bizkaia, gracias al tercer puesto en la categor\u00eda M50. \u00a1Enhorabuena!<\/p>\n<p style=\"text-align: center;\"><a href=\"https:\/\/www.barakabike.es\/wp-content\/uploads\/2019\/06\/bike-eskola-equipo-6.jpg\"><img loading=\"lazy\" decoding=\"async\" class=\"alignnone size-medium wp-image-1566\" src=\"https:\/\/www.barakabike.es\/wp-content\/uploads\/2019\/06\/bike-eskola-equipo-6-300x201.jpg\" alt=\"\" width=\"300\" height=\"201\" srcset=\"https:\/\/www.barakabike.es\/wp-content\/uploads\/2019\/06\/bike-eskola-equipo-6-300x201.jpg 300w, https:\/\/www.barakabike.es\/wp-content\/uploads\/2019\/06\/bike-eskola-equipo-6-768x513.jpg 768w, https:\/\/www.barakabike.es\/wp-content\/uploads\/2019\/06\/bike-eskola-equipo-6-1024x684.jpg 1024w, https:\/\/www.barakabike.es\/wp-content\/uploads\/2019\/06\/bike-eskola-equipo-6-400x267.jpg 400w, https:\/\/www.barakabike.es\/wp-content\/uploads\/2019\/06\/bike-eskola-equipo-6.jpg 1870w\" sizes=\"auto, (max-width: 300px) 100vw, 300px\" \/><\/a><\/p>\n<p>&nbsp;<\/p>\n<p style=\"text-align: center;\"><a href=\"https:\/\/www.barakabike.es\/wp-content\/uploads\/2019\/06\/bike-eskola-equipo-2.jpeg\"><img loading=\"lazy\" decoding=\"async\" class=\"alignnone size-medium wp-image-1555\" src=\"https:\/\/www.barakabike.es\/wp-content\/uploads\/2019\/06\/bike-eskola-equipo-2-293x300.jpeg\" alt=\"\" width=\"293\" height=\"300\" srcset=\"https:\/\/www.barakabike.es\/wp-content\/uploads\/2019\/06\/bike-eskola-equipo-2-293x300.jpeg 293w, https:\/\/www.barakabike.es\/wp-content\/uploads\/2019\/06\/bike-eskola-equipo-2-768x785.jpeg 768w, https:\/\/www.barakabike.es\/wp-content\/uploads\/2019\/06\/bike-eskola-equipo-2-1002x1024.jpeg 1002w, https:\/\/www.barakabike.es\/wp-content\/uploads\/2019\/06\/bike-eskola-equipo-2.jpeg 1565w\" sizes=\"auto, (max-width: 293px) 100vw, 293px\" \/><\/a><\/p>\n<p>&nbsp;<\/p>\n<p>&nbsp;<\/p>\n<p>&nbsp;<\/p>\n<!-- AddThis Advanced Settings generic via filter on the_content --><!-- AddThis Share Buttons generic via filter on the_content -->","protected":false},"excerpt":{"rendered":"<p>Los integrantes de la Bike Eskola del Club Ciclista Baraka Bike presenciaron en directo la carrera de la\u00a0Green Series Challenge XCO a su paso por la Orconera, en el circuito de las Balsas (Ortuella), y animaron al equipo de competici\u00f3n de Baraka Bike. A primera hora, Edu del Collado\u00a0afianz\u00f3 el liderato en la general de&hellip;<!-- AddThis Advanced Settings generic via filter on get_the_excerpt --><!-- AddThis Share Buttons generic via filter on get_the_excerpt --><\/p>\n","protected":false},"author":2,"featured_media":1554,"comment_status":"closed","ping_status":"open","sticky":false,"template":"","format":"standard","meta":{"footnotes":""},"categories":[14,6],"tags":[],"class_list":["post-1553","post","type-post","status-publish","format-standard","has-post-thumbnail","hentry","category-bike-eskola","category-competiciones"],"yoast_head":"<!-- This site is optimized with the Yoast SEO plugin v27.3 - https:\/\/yoast.com\/product\/yoast-seo-wordpress\/ -->\n<title>La Bike Eskola y el equipo juntos en las Green Series Challenge XCO -<\/title>\n<meta name=\"robots\" content=\"index, follow, max-snippet:-1, max-image-preview:large, max-video-preview:-1\" \/>\n<link rel=\"canonical\" href=\"https:\/\/www.barakabike.es\/2019\/06\/la-bike-eskola-y-el-equipo-juntos\/\" \/>\n<meta property=\"og:locale\" content=\"en_US\" \/>\n<meta property=\"og:type\" content=\"article\" \/>\n<meta property=\"og:title\" content=\"La Bike Eskola y el equipo juntos en las Green Series Challenge XCO -\" \/>\n<meta property=\"og:description\" content=\"Los integrantes de la Bike Eskola del Club Ciclista Baraka Bike presenciaron en directo la carrera de la\u00a0Green Series Challenge XCO a su paso por la Orconera, en el circuito de las Balsas (Ortuella), y animaron al equipo de competici\u00f3n de Baraka Bike. A primera hora, Edu del Collado\u00a0afianz\u00f3 el liderato en la general de&hellip;\" \/>\n<meta property=\"og:url\" content=\"https:\/\/www.barakabike.es\/2019\/06\/la-bike-eskola-y-el-equipo-juntos\/\" \/>\n<meta property=\"article:published_time\" content=\"2019-06-06T16:47:16+00:00\" \/>\n<meta property=\"article:modified_time\" content=\"2019-06-07T21:04:26+00:00\" \/>\n<meta property=\"og:image\" content=\"https:\/\/www.barakabike.es\/wp-content\/uploads\/2019\/06\/bike-eskola-equipo-1.jpeg\" \/>\n\t<meta property=\"og:image:width\" content=\"904\" \/>\n\t<meta property=\"og:image:height\" content=\"590\" \/>\n\t<meta property=\"og:image:type\" content=\"image\/jpeg\" \/>\n<meta name=\"author\" content=\"C.C. Baraka Bike\" \/>\n<meta name=\"twitter:card\" content=\"summary_large_image\" \/>\n<meta name=\"twitter:label1\" content=\"Written by\" \/>\n\t<meta name=\"twitter:data1\" content=\"C.C. Baraka Bike\" \/>\n\t<meta name=\"twitter:label2\" content=\"Est. reading time\" \/>\n\t<meta name=\"twitter:data2\" content=\"1 minutua\" \/>\n<script type=\"application\/ld+json\" class=\"yoast-schema-graph\">{\"@context\":\"https:\\\/\\\/schema.org\",\"@graph\":[{\"@type\":\"Article\",\"@id\":\"https:\\\/\\\/www.barakabike.es\\\/2019\\\/06\\\/la-bike-eskola-y-el-equipo-juntos\\\/#article\",\"isPartOf\":{\"@id\":\"https:\\\/\\\/www.barakabike.es\\\/2019\\\/06\\\/la-bike-eskola-y-el-equipo-juntos\\\/\"},\"author\":{\"name\":\"C.C. Baraka Bike\",\"@id\":\"https:\\\/\\\/www.barakabike.es\\\/#\\\/schema\\\/person\\\/514fe57c05a024b80e70800f7830d411\"},\"headline\":\"La Bike Eskola y el equipo juntos en las Green Series Challenge XCO\",\"datePublished\":\"2019-06-06T16:47:16+00:00\",\"dateModified\":\"2019-06-07T21:04:26+00:00\",\"mainEntityOfPage\":{\"@id\":\"https:\\\/\\\/www.barakabike.es\\\/2019\\\/06\\\/la-bike-eskola-y-el-equipo-juntos\\\/\"},\"wordCount\":313,\"image\":{\"@id\":\"https:\\\/\\\/www.barakabike.es\\\/2019\\\/06\\\/la-bike-eskola-y-el-equipo-juntos\\\/#primaryimage\"},\"thumbnailUrl\":\"https:\\\/\\\/www.barakabike.es\\\/wp-content\\\/uploads\\\/2019\\\/06\\\/bike-eskola-equipo-1.jpeg\",\"articleSection\":[\"Bike Eskola\",\"competiciones\"],\"inLanguage\":\"eu\"},{\"@type\":\"WebPage\",\"@id\":\"https:\\\/\\\/www.barakabike.es\\\/2019\\\/06\\\/la-bike-eskola-y-el-equipo-juntos\\\/\",\"url\":\"https:\\\/\\\/www.barakabike.es\\\/2019\\\/06\\\/la-bike-eskola-y-el-equipo-juntos\\\/\",\"name\":\"[:es]La Bike Eskola y el equipo de competici\u00f3n juntos en las Green Series Challenge XCO[:eu]La Bike Eskola y el equipo juntos en las Green Series Challenge XCO[:] -\",\"isPartOf\":{\"@id\":\"https:\\\/\\\/www.barakabike.es\\\/#website\"},\"primaryImageOfPage\":{\"@id\":\"https:\\\/\\\/www.barakabike.es\\\/2019\\\/06\\\/la-bike-eskola-y-el-equipo-juntos\\\/#primaryimage\"},\"image\":{\"@id\":\"https:\\\/\\\/www.barakabike.es\\\/2019\\\/06\\\/la-bike-eskola-y-el-equipo-juntos\\\/#primaryimage\"},\"thumbnailUrl\":\"https:\\\/\\\/www.barakabike.es\\\/wp-content\\\/uploads\\\/2019\\\/06\\\/bike-eskola-equipo-1.jpeg\",\"datePublished\":\"2019-06-06T16:47:16+00:00\",\"dateModified\":\"2019-06-07T21:04:26+00:00\",\"author\":{\"@id\":\"https:\\\/\\\/www.barakabike.es\\\/#\\\/schema\\\/person\\\/514fe57c05a024b80e70800f7830d411\"},\"breadcrumb\":{\"@id\":\"https:\\\/\\\/www.barakabike.es\\\/2019\\\/06\\\/la-bike-eskola-y-el-equipo-juntos\\\/#breadcrumb\"},\"inLanguage\":\"eu\",\"potentialAction\":[{\"@type\":\"ReadAction\",\"target\":[\"https:\\\/\\\/www.barakabike.es\\\/2019\\\/06\\\/la-bike-eskola-y-el-equipo-juntos\\\/\"]}]},{\"@type\":\"ImageObject\",\"inLanguage\":\"eu\",\"@id\":\"https:\\\/\\\/www.barakabike.es\\\/2019\\\/06\\\/la-bike-eskola-y-el-equipo-juntos\\\/#primaryimage\",\"url\":\"https:\\\/\\\/www.barakabike.es\\\/wp-content\\\/uploads\\\/2019\\\/06\\\/bike-eskola-equipo-1.jpeg\",\"contentUrl\":\"https:\\\/\\\/www.barakabike.es\\\/wp-content\\\/uploads\\\/2019\\\/06\\\/bike-eskola-equipo-1.jpeg\",\"width\":904,\"height\":590},{\"@type\":\"BreadcrumbList\",\"@id\":\"https:\\\/\\\/www.barakabike.es\\\/2019\\\/06\\\/la-bike-eskola-y-el-equipo-juntos\\\/#breadcrumb\",\"itemListElement\":[{\"@type\":\"ListItem\",\"position\":1,\"name\":\"Portada\",\"item\":\"https:\\\/\\\/www.barakabike.es\\\/\"},{\"@type\":\"ListItem\",\"position\":2,\"name\":\"La Bike Eskola y el equipo de competici\u00f3n juntos en las Green Series Challenge XCO\"}]},{\"@type\":\"WebSite\",\"@id\":\"https:\\\/\\\/www.barakabike.es\\\/#website\",\"url\":\"https:\\\/\\\/www.barakabike.es\\\/\",\"name\":\"\",\"description\":\"\",\"potentialAction\":[{\"@type\":\"SearchAction\",\"target\":{\"@type\":\"EntryPoint\",\"urlTemplate\":\"https:\\\/\\\/www.barakabike.es\\\/?s={search_term_string}\"},\"query-input\":{\"@type\":\"PropertyValueSpecification\",\"valueRequired\":true,\"valueName\":\"search_term_string\"}}],\"inLanguage\":\"eu\"},{\"@type\":\"Person\",\"@id\":\"https:\\\/\\\/www.barakabike.es\\\/#\\\/schema\\\/person\\\/514fe57c05a024b80e70800f7830d411\",\"name\":\"C.C. Baraka Bike\",\"image\":{\"@type\":\"ImageObject\",\"inLanguage\":\"eu\",\"@id\":\"https:\\\/\\\/secure.gravatar.com\\\/avatar\\\/68caacd8fbde929b7f6a549d7e5e0833779adcb964cc45915280f391aced8d6b?s=96&d=mm&r=g\",\"url\":\"https:\\\/\\\/secure.gravatar.com\\\/avatar\\\/68caacd8fbde929b7f6a549d7e5e0833779adcb964cc45915280f391aced8d6b?s=96&d=mm&r=g\",\"contentUrl\":\"https:\\\/\\\/secure.gravatar.com\\\/avatar\\\/68caacd8fbde929b7f6a549d7e5e0833779adcb964cc45915280f391aced8d6b?s=96&d=mm&r=g\",\"caption\":\"C.C. Baraka Bike\"},\"url\":\"https:\\\/\\\/www.barakabike.es\\\/eu\\\/author\\\/jorge\\\/\"}]}<\/script>\n<!-- \/ Yoast SEO plugin. -->","yoast_head_json":{"title":"[:es]La Bike Eskola y el equipo de competici\u00f3n juntos en las Green Series Challenge XCO[:eu]La Bike Eskola y el equipo juntos en las Green Series Challenge XCO[:] -","robots":{"index":"index","follow":"follow","max-snippet":"max-snippet:-1","max-image-preview":"max-image-preview:large","max-video-preview":"max-video-preview:-1"},"canonical":"https:\/\/www.barakabike.es\/2019\/06\/la-bike-eskola-y-el-equipo-juntos\/","og_locale":"en_US","og_type":"article","og_title":"La Bike Eskola y el equipo juntos en las Green Series Challenge XCO -","og_description":"Los integrantes de la Bike Eskola del Club Ciclista Baraka Bike presenciaron en directo la carrera de la\u00a0Green Series Challenge XCO a su paso por la Orconera, en el circuito de las Balsas (Ortuella), y animaron al equipo de competici\u00f3n de Baraka Bike. A primera hora, Edu del Collado\u00a0afianz\u00f3 el liderato en la general de&hellip;","og_url":"https:\/\/www.barakabike.es\/2019\/06\/la-bike-eskola-y-el-equipo-juntos\/","article_published_time":"2019-06-06T16:47:16+00:00","article_modified_time":"2019-06-07T21:04:26+00:00","og_image":[{"width":904,"height":590,"url":"https:\/\/www.barakabike.es\/wp-content\/uploads\/2019\/06\/bike-eskola-equipo-1.jpeg","type":"image\/jpeg"}],"author":"C.C. Baraka Bike","twitter_card":"summary_large_image","twitter_misc":{"Written by":"C.C. Baraka Bike","Est. reading time":"1 minutua"},"schema":{"@context":"https:\/\/schema.org","@graph":[{"@type":"Article","@id":"https:\/\/www.barakabike.es\/2019\/06\/la-bike-eskola-y-el-equipo-juntos\/#article","isPartOf":{"@id":"https:\/\/www.barakabike.es\/2019\/06\/la-bike-eskola-y-el-equipo-juntos\/"},"author":{"name":"C.C. Baraka Bike","@id":"https:\/\/www.barakabike.es\/#\/schema\/person\/514fe57c05a024b80e70800f7830d411"},"headline":"La Bike Eskola y el equipo juntos en las Green Series Challenge XCO","datePublished":"2019-06-06T16:47:16+00:00","dateModified":"2019-06-07T21:04:26+00:00","mainEntityOfPage":{"@id":"https:\/\/www.barakabike.es\/2019\/06\/la-bike-eskola-y-el-equipo-juntos\/"},"wordCount":313,"image":{"@id":"https:\/\/www.barakabike.es\/2019\/06\/la-bike-eskola-y-el-equipo-juntos\/#primaryimage"},"thumbnailUrl":"https:\/\/www.barakabike.es\/wp-content\/uploads\/2019\/06\/bike-eskola-equipo-1.jpeg","articleSection":["Bike Eskola","competiciones"],"inLanguage":"eu"},{"@type":"WebPage","@id":"https:\/\/www.barakabike.es\/2019\/06\/la-bike-eskola-y-el-equipo-juntos\/","url":"https:\/\/www.barakabike.es\/2019\/06\/la-bike-eskola-y-el-equipo-juntos\/","name":"[:es]La Bike Eskola y el equipo de competici\u00f3n juntos en las Green Series Challenge XCO[:eu]La Bike Eskola y el equipo juntos en las Green Series Challenge XCO[:] -","isPartOf":{"@id":"https:\/\/www.barakabike.es\/#website"},"primaryImageOfPage":{"@id":"https:\/\/www.barakabike.es\/2019\/06\/la-bike-eskola-y-el-equipo-juntos\/#primaryimage"},"image":{"@id":"https:\/\/www.barakabike.es\/2019\/06\/la-bike-eskola-y-el-equipo-juntos\/#primaryimage"},"thumbnailUrl":"https:\/\/www.barakabike.es\/wp-content\/uploads\/2019\/06\/bike-eskola-equipo-1.jpeg","datePublished":"2019-06-06T16:47:16+00:00","dateModified":"2019-06-07T21:04:26+00:00","author":{"@id":"https:\/\/www.barakabike.es\/#\/schema\/person\/514fe57c05a024b80e70800f7830d411"},"breadcrumb":{"@id":"https:\/\/www.barakabike.es\/2019\/06\/la-bike-eskola-y-el-equipo-juntos\/#breadcrumb"},"inLanguage":"eu","potentialAction":[{"@type":"ReadAction","target":["https:\/\/www.barakabike.es\/2019\/06\/la-bike-eskola-y-el-equipo-juntos\/"]}]},{"@type":"ImageObject","inLanguage":"eu","@id":"https:\/\/www.barakabike.es\/2019\/06\/la-bike-eskola-y-el-equipo-juntos\/#primaryimage","url":"https:\/\/www.barakabike.es\/wp-content\/uploads\/2019\/06\/bike-eskola-equipo-1.jpeg","contentUrl":"https:\/\/www.barakabike.es\/wp-content\/uploads\/2019\/06\/bike-eskola-equipo-1.jpeg","width":904,"height":590},{"@type":"BreadcrumbList","@id":"https:\/\/www.barakabike.es\/2019\/06\/la-bike-eskola-y-el-equipo-juntos\/#breadcrumb","itemListElement":[{"@type":"ListItem","position":1,"name":"Portada","item":"https:\/\/www.barakabike.es\/"},{"@type":"ListItem","position":2,"name":"La Bike Eskola y el equipo de competici\u00f3n juntos en las Green Series Challenge XCO"}]},{"@type":"WebSite","@id":"https:\/\/www.barakabike.es\/#website","url":"https:\/\/www.barakabike.es\/","name":"","description":"","potentialAction":[{"@type":"SearchAction","target":{"@type":"EntryPoint","urlTemplate":"https:\/\/www.barakabike.es\/?s={search_term_string}"},"query-input":{"@type":"PropertyValueSpecification","valueRequired":true,"valueName":"search_term_string"}}],"inLanguage":"eu"},{"@type":"Person","@id":"https:\/\/www.barakabike.es\/#\/schema\/person\/514fe57c05a024b80e70800f7830d411","name":"C.C. Baraka Bike","image":{"@type":"ImageObject","inLanguage":"eu","@id":"https:\/\/secure.gravatar.com\/avatar\/68caacd8fbde929b7f6a549d7e5e0833779adcb964cc45915280f391aced8d6b?s=96&d=mm&r=g","url":"https:\/\/secure.gravatar.com\/avatar\/68caacd8fbde929b7f6a549d7e5e0833779adcb964cc45915280f391aced8d6b?s=96&d=mm&r=g","contentUrl":"https:\/\/secure.gravatar.com\/avatar\/68caacd8fbde929b7f6a549d7e5e0833779adcb964cc45915280f391aced8d6b?s=96&d=mm&r=g","caption":"C.C. Baraka Bike"},"url":"https:\/\/www.barakabike.es\/eu\/author\/jorge\/"}]}},"_links":{"self":[{"href":"https:\/\/www.barakabike.es\/eu\/wp-json\/wp\/v2\/posts\/1553","targetHints":{"allow":["GET"]}}],"collection":[{"href":"https:\/\/www.barakabike.es\/eu\/wp-json\/wp\/v2\/posts"}],"about":[{"href":"https:\/\/www.barakabike.es\/eu\/wp-json\/wp\/v2\/types\/post"}],"author":[{"embeddable":true,"href":"https:\/\/www.barakabike.es\/eu\/wp-json\/wp\/v2\/users\/2"}],"replies":[{"embeddable":true,"href":"https:\/\/www.barakabike.es\/eu\/wp-json\/wp\/v2\/comments?post=1553"}],"version-history":[{"count":0,"href":"https:\/\/www.barakabike.es\/eu\/wp-json\/wp\/v2\/posts\/1553\/revisions"}],"wp:featuredmedia":[{"embeddable":true,"href":"https:\/\/www.barakabike.es\/eu\/wp-json\/wp\/v2\/media\/1554"}],"wp:attachment":[{"href":"https:\/\/www.barakabike.es\/eu\/wp-json\/wp\/v2\/media?parent=1553"}],"wp:term":[{"taxonomy":"category","embeddable":true,"href":"https:\/\/www.barakabike.es\/eu\/wp-json\/wp\/v2\/categories?post=1553"},{"taxonomy":"post_tag","embeddable":true,"href":"https:\/\/www.barakabike.es\/eu\/wp-json\/wp\/v2\/tags?post=1553"}],"curies":[{"name":"wp","href":"https:\/\/api.w.org\/{rel}","templated":true}]}}